{"id":27812,"date":"2019-11-28T14:48:44","date_gmt":"2019-11-28T13:48:44","guid":{"rendered":"https:\/\/www.forum-soegel.de\/information\/?p=27812"},"modified":"2019-11-28T14:48:45","modified_gmt":"2019-11-28T13:48:45","slug":"maennerwallfahrt-der-pfarreiengemeinschaft-um-st-jakobus-soegel","status":"publish","type":"post","link":"https:\/\/www.forum-soegel.de\/information\/2019\/11\/maennerwallfahrt-der-pfarreiengemeinschaft-um-st-jakobus-soegel\/","title":{"rendered":"M\u00e4nnerwallfahrt der Pfarreiengemeinschaft um St. Jakobus S\u00f6gel"},"content":{"rendered":"\n<p>S\u00f6gel &#8211; Fr\u00fch aufstehen mussten die 15 M\u00e4nner aus der\nPfarreiengemeinschaft um St. Jakobus S\u00f6gel, die sich im September mit Pfarrer\nBernhard Horstmann auf M\u00e4nnerwallfahrt begaben. Um 5.00 Uhr in der Fr\u00fch trafen sie\nsich auf dem Jakobusplatz und fuhren zun\u00e4chst mit dem Bus nach\nSpahnharrenst\u00e4tte zur Pfarrkirche St. Johannes der T\u00e4ufer. Dort erteilte Pastor\nHorstmann den M\u00e4nnern nach einem Morgenimpuls den Pilgersegen und sagte: \u201eMit\ndieser Wallfahrt wollen wir unseren Glauben nach innen und au\u00dfen st\u00e4rken. Eine\nWallfahrt versteht sich immer als ein Miteinander des Gehens, Betens und Feierns,\nals ein Ort des Auftankens im Glauben\u201c. Danach begab sich die M\u00e4nnergruppe, mit\nFackeln ausgestattet, zu Fu\u00df auf dem H\u00fcmmlinger Pilgerweg von Spahnharrenst\u00e4tte\nnach S\u00f6gel. An der Mariengrotte vorbei pilgerten sie abseits \u00f6ffentlicher\nStra\u00dfen durch Wald, Feld, offener Flur und Heide und genossen die Ruhe in der traumhaft\nsch\u00f6nen Naturlandschaft. Sehenswert waren auch die M\u00e4nnige Berge, ein in der\nHeide liegendes Grabh\u00fcgelfeld mit 62 gut erkennbaren H\u00fcgeln. Unterwegs gab es\nan verschiedenen Sinnbildsteinen und Wegkreuzen geistliche Impulse und Gesang\nmit Pastor Horstmann. Der Weg f\u00fchrte an den 10 Geboten und den Schlossteichen\nvorbei bis zur St. Jakobus-Kirche, die sich noch in der Renovierung befindet.\nDort wurde in dem bereits freigelegten Kapellenraum heilige Messe gefeiert.\nAuch die M\u00e4nner, die nicht mitpilgern konnten, waren herzlich dazu eingeladen.\nDen Abschluss der M\u00e4nnerwallfahrt bildete ein gem\u00fctliches Beisammensein mit\neinem ausgiebigen Fr\u00fchst\u00fcck im Amtsbrunnen. \u201eEs ist beeindruckend durch die\nLandschaft zu gehen, wenn es langsam hell wird und die Natur erwacht. Man kann wunderbar\nabschalten vom Alltag, mal wieder zur inneren Einkehr kommen oder einfach die\nNaturerlebnisse genie\u00dfen. Daf\u00fcr hat sich das fr\u00fche Aufstehen gelohnt\u201c, bemerkte\nein begeisterter Teilnehmer.<\/p>\n\n\n\n<p>Text: Gisela Arling \/ Foto: Alfons Arling<\/p>\n\n\n\n<figure class=\"wp-block-image size-large\"><img loading=\"lazy\" decoding=\"async\" width=\"1024\" height=\"485\" src=\"https:\/\/www.forum-soegel.de\/information\/wp-content\/uploads\/2019\/11\/M\u00e4nnerwallfahrt-der-Pfarreiengemeinschaft-um-St.-Jakobus-S\u00f6gel.jpg\" alt=\"\" class=\"wp-image-27813\" srcset=\"https:\/\/www.forum-soegel.de\/information\/wp-content\/uploads\/2019\/11\/M\u00e4nnerwallfahrt-der-Pfarreiengemeinschaft-um-St.-Jakobus-S\u00f6gel.jpg 1024w, https:\/\/www.forum-soegel.de\/information\/wp-content\/uploads\/2019\/11\/M\u00e4nnerwallfahrt-der-Pfarreiengemeinschaft-um-St.-Jakobus-S\u00f6gel-300x142.jpg 300w, https:\/\/www.forum-soegel.de\/information\/wp-content\/uploads\/2019\/11\/M\u00e4nnerwallfahrt-der-Pfarreiengemeinschaft-um-St.-Jakobus-S\u00f6gel-768x364.jpg 768w\" sizes=\"auto, (max-width: 1024px) 100vw, 1024px\" \/><\/figure>\n","protected":false},"excerpt":{"rendered":"S\u00f6gel &#8211; Fr\u00fch aufstehen mussten die 15 M\u00e4nner aus der Pfarreiengemeinschaft um St. Jakobus S\u00f6gel, die sich im September mit Pfarrer Bernhard Horstmann auf M\u00e4nnerwallfahrt begaben. Um 5.00 Uhr in der Fr\u00fch trafen sie sich auf dem Jakobusplatz und fuhren zun\u00e4chst mit dem Bus nach Spahnharrenst\u00e4tte zur Pfarrkirche St. Johannes der T\u00e4ufer. Dort erteilte Pastor [&hellip;]\n","protected":false},"author":2,"featured_media":0,"comment_status":"closed","ping_status":"closed","sticky":false,"template":"","format":"standard","meta":{"ngg_post_thumbnail":0,"footnotes":""},"categories":[868],"tags":[],"class_list":["post-27812","post","type-post","status-publish","format-standard","hentry","category-zwischen-himmel-und-erde"],"_links":{"self":[{"href":"https:\/\/www.forum-soegel.de\/information\/wp-json\/wp\/v2\/posts\/27812","targetHints":{"allow":["GET"]}}],"collection":[{"href":"https:\/\/www.forum-soegel.de\/information\/wp-json\/wp\/v2\/posts"}],"about":[{"href":"https:\/\/www.forum-soegel.de\/information\/wp-json\/wp\/v2\/types\/post"}],"author":[{"embeddable":true,"href":"https:\/\/www.forum-soegel.de\/information\/wp-json\/wp\/v2\/users\/2"}],"replies":[{"embeddable":true,"href":"https:\/\/www.forum-soegel.de\/information\/wp-json\/wp\/v2\/comments?post=27812"}],"version-history":[{"count":1,"href":"https:\/\/www.forum-soegel.de\/information\/wp-json\/wp\/v2\/posts\/27812\/revisions"}],"predecessor-version":[{"id":27814,"href":"https:\/\/www.forum-soegel.de\/information\/wp-json\/wp\/v2\/posts\/27812\/revisions\/27814"}],"wp:attachment":[{"href":"https:\/\/www.forum-soegel.de\/information\/wp-json\/wp\/v2\/media?parent=27812"}],"wp:term":[{"taxonomy":"category","embeddable":true,"href":"https:\/\/www.forum-soegel.de\/information\/wp-json\/wp\/v2\/categories?post=27812"},{"taxonomy":"post_tag","embeddable":true,"href":"https:\/\/www.forum-soegel.de\/information\/wp-json\/wp\/v2\/tags?post=27812"}],"curies":[{"name":"wp","href":"https:\/\/api.w.org\/{rel}","templated":true}]}}