{"id":27805,"date":"2019-11-28T14:46:31","date_gmt":"2019-11-28T13:46:31","guid":{"rendered":"https:\/\/www.forum-soegel.de\/information\/?p=27805"},"modified":"2019-11-28T14:46:32","modified_gmt":"2019-11-28T13:46:32","slug":"kita-arche-noah-feiert-10jaehriges-jubilaeum","status":"publish","type":"post","link":"https:\/\/www.forum-soegel.de\/information\/2019\/11\/kita-arche-noah-feiert-10jaehriges-jubilaeum\/","title":{"rendered":"Kita Arche Noah feiert 10j\u00e4hriges Jubil\u00e4um"},"content":{"rendered":"\n<p>S\u00f6gel &#8211; \u201eViele verschiedene Tiere und Menschen in einem\nBoot\u201c \u2013 die Kindertagesst\u00e4tte Arche Noah hat ihr 10j\u00e4hriges Bestehen gefeiert.\nZum Tag der offenen T\u00fcr kamen zahlreiche Kinder, ehemalige Kinder und deren Familien\nsowie Wegbegleiter der Kita.\u201eWillkommen auf unserem Boot\u201c, begr\u00fc\u00dfte Pfarrer Bernhard Horstmann die\nG\u00e4ste. Kindergartenleiterin Heike Rohe berichtete, wie der Name der Kita Arche\nNoah entstanden ist: \u201eIm Fr\u00fchjahr 2009 suchten Eltern gemeinsam mit den\nErzieherinnen und Erziehern nach einem Namen f\u00fcr die Kita und entschieden sich\nf\u00fcr die Arche Noah.\u201c Noch im August desselben Jahres er\u00f6ffnete die\nKindertagesst\u00e4tte. Die Geschichte der Arche Noah erz\u00e4hlten Kinder gemeinsam mit\nder 2017 gegr\u00fcndeten \u201eV\u00e4ter-Band\u201c musikalisch nach. Besonders begr\u00fc\u00dfte Rohe die\nFamilie von Mirko und Gabriele Leis: \u201eZehn Jahre habt ihr uns mit Euren vier\nKindern begleitet.\u201c Das erste Kind der Familie, die heute 15-j\u00e4hrige Maike,\nbesuchte die Kita seit dem ersten Tag im Jahr 2009. Es folgten Florian (12),\nSina (10) und die sechsj\u00e4hrige Luisa, die den Kindergarten nun mit dem Jubil\u00e4um\nverl\u00e4sst. \u201eIn einer Nacht- und Nebelaktion hat Familie Leis in dieser Woche\neinen neuen Fahnenmast mit einer Arche Noah-Fahne vor dem Kindergarten\naufgestellt. Hierf\u00fcr m\u00f6chte ich mich herzlich bedanken\u201c, freute sich Rohe. Weitere\nDankesworte richtete Rohe an die Sponsoren der Tombola und alle weiteren\nUnterst\u00fctzer des Festes. B\u00fcrgermeisterin Irmgard Welling gratulierte zum\nJubil\u00e4um und dankte besonders den p\u00e4dagogischen Mitarbeiterinnen und\nMitarbeitern: \u201eSeit zehn Jahren leistet ihr wertvolle p\u00e4dagogische Arbeit f\u00fcr\nunsere Kinder in der Gemeinde S\u00f6gel.\u201c Sie \u00fcbergab ein Fahrrad f\u00fcr die Kinder\nals Pr\u00e4sent der Gemeinde S\u00f6gel. Zum bunten Rahmenprogramm am Tag der offenen\nT\u00fcr z\u00e4hlten Mitmach-Spiele, Kinderschminken, Wasserspiele von der Freiwilligen\nFeuerwehr S\u00f6gel und ein Luftballonk\u00fcnstler. Neben der \u201eV\u00e4ter-Band\u201c trat auch\nder Patenchor der Kita auf, der Kirchenchor aus Stavern. Besonders gut kam die\nTombola an, deren Erl\u00f6se der Renovierung des Spielh\u00fcgels zugutekommen sollen. <\/p>\n\n\n\n<p>Text\/Foto: Marina Heller<\/p>\n\n\n\n<figure class=\"wp-block-image size-large\"><img loading=\"lazy\" decoding=\"async\" width=\"1024\" height=\"683\" src=\"https:\/\/www.forum-soegel.de\/information\/wp-content\/uploads\/2019\/11\/Kita-Arche-Noah-feiert-10-j\u00e4hriges-Jubil\u00e4um_8505.jpg\" alt=\"\" class=\"wp-image-27806\" srcset=\"https:\/\/www.forum-soegel.de\/information\/wp-content\/uploads\/2019\/11\/Kita-Arche-Noah-feiert-10-j\u00e4hriges-Jubil\u00e4um_8505.jpg 1024w, https:\/\/www.forum-soegel.de\/information\/wp-content\/uploads\/2019\/11\/Kita-Arche-Noah-feiert-10-j\u00e4hriges-Jubil\u00e4um_8505-300x200.jpg 300w, https:\/\/www.forum-soegel.de\/information\/wp-content\/uploads\/2019\/11\/Kita-Arche-Noah-feiert-10-j\u00e4hriges-Jubil\u00e4um_8505-768x512.jpg 768w\" sizes=\"auto, (max-width: 1024px) 100vw, 1024px\" \/><figcaption>Das Team der Arche Noah hat mit den Kindern beim Tag der offenen T\u00fcr den \u201eK\u00f6rperteile-Blues\u201c gesungen und die Geschichte der Arche Noah musikalisch nachgestellt. Foto: Marina Heller <\/figcaption><\/figure>\n\n\n\n<figure class=\"wp-block-image size-large\"><img loading=\"lazy\" decoding=\"async\" width=\"1024\" height=\"683\" src=\"https:\/\/www.forum-soegel.de\/information\/wp-content\/uploads\/2019\/11\/Kita-Arche-Noah-feiert-10-j\u00e4hriges-Jubil\u00e4um_8558.jpg\" alt=\"\" class=\"wp-image-27807\" srcset=\"https:\/\/www.forum-soegel.de\/information\/wp-content\/uploads\/2019\/11\/Kita-Arche-Noah-feiert-10-j\u00e4hriges-Jubil\u00e4um_8558.jpg 1024w, https:\/\/www.forum-soegel.de\/information\/wp-content\/uploads\/2019\/11\/Kita-Arche-Noah-feiert-10-j\u00e4hriges-Jubil\u00e4um_8558-300x200.jpg 300w, https:\/\/www.forum-soegel.de\/information\/wp-content\/uploads\/2019\/11\/Kita-Arche-Noah-feiert-10-j\u00e4hriges-Jubil\u00e4um_8558-768x512.jpg 768w\" sizes=\"auto, (max-width: 1024px) 100vw, 1024px\" \/><figcaption>B\u00fcrgermeisterin Irmgard Welling \u00fcberreichte ein Fahrrad zum Jubil\u00e4um der Kita Arche Noah an Kindergartenleiterin Heike Rohe und die Kinder. Foto: Marina Heller  <\/figcaption><\/figure>\n\n\n\n<figure class=\"wp-block-image size-large\"><img loading=\"lazy\" decoding=\"async\" width=\"1024\" height=\"683\" src=\"https:\/\/www.forum-soegel.de\/information\/wp-content\/uploads\/2019\/11\/Kita-Arche-Noah-feiert-10-j\u00e4hriges-Jubil\u00e4um_8591.jpg\" alt=\"\" class=\"wp-image-27808\" srcset=\"https:\/\/www.forum-soegel.de\/information\/wp-content\/uploads\/2019\/11\/Kita-Arche-Noah-feiert-10-j\u00e4hriges-Jubil\u00e4um_8591.jpg 1024w, https:\/\/www.forum-soegel.de\/information\/wp-content\/uploads\/2019\/11\/Kita-Arche-Noah-feiert-10-j\u00e4hriges-Jubil\u00e4um_8591-300x200.jpg 300w, https:\/\/www.forum-soegel.de\/information\/wp-content\/uploads\/2019\/11\/Kita-Arche-Noah-feiert-10-j\u00e4hriges-Jubil\u00e4um_8591-768x512.jpg 768w\" sizes=\"auto, (max-width: 1024px) 100vw, 1024px\" \/><\/figure>\n\n\n\n<figure class=\"wp-block-image size-large\"><img loading=\"lazy\" decoding=\"async\" width=\"1024\" height=\"683\" src=\"https:\/\/www.forum-soegel.de\/information\/wp-content\/uploads\/2019\/11\/Kita-Arche-Noah-feiert-10-j\u00e4hriges-Jubil\u00e4um_8622.jpg\" alt=\"\" class=\"wp-image-27809\" srcset=\"https:\/\/www.forum-soegel.de\/information\/wp-content\/uploads\/2019\/11\/Kita-Arche-Noah-feiert-10-j\u00e4hriges-Jubil\u00e4um_8622.jpg 1024w, https:\/\/www.forum-soegel.de\/information\/wp-content\/uploads\/2019\/11\/Kita-Arche-Noah-feiert-10-j\u00e4hriges-Jubil\u00e4um_8622-300x200.jpg 300w, https:\/\/www.forum-soegel.de\/information\/wp-content\/uploads\/2019\/11\/Kita-Arche-Noah-feiert-10-j\u00e4hriges-Jubil\u00e4um_8622-768x512.jpg 768w\" sizes=\"auto, (max-width: 1024px) 100vw, 1024px\" \/><figcaption> Kindergartenleiterin Heike Rohe (v.l.) freute sich \u00fcber den neuen Fahnenmast mit Flagge, den die Familie Luisa, Maike, Sina, Gabriele, Florian und Mirko Leis gesponsert hat. Foto: Marina Heller  <\/figcaption><\/figure>\n\n\n\n<figure class=\"wp-block-image size-large\"><img loading=\"lazy\" decoding=\"async\" width=\"1024\" height=\"683\" src=\"https:\/\/www.forum-soegel.de\/information\/wp-content\/uploads\/2019\/11\/Kita-Arche-Noah-feiert-10-j\u00e4hriges-Jubil\u00e4um_8619.jpg\" alt=\"\" class=\"wp-image-27810\" srcset=\"https:\/\/www.forum-soegel.de\/information\/wp-content\/uploads\/2019\/11\/Kita-Arche-Noah-feiert-10-j\u00e4hriges-Jubil\u00e4um_8619.jpg 1024w, https:\/\/www.forum-soegel.de\/information\/wp-content\/uploads\/2019\/11\/Kita-Arche-Noah-feiert-10-j\u00e4hriges-Jubil\u00e4um_8619-300x200.jpg 300w, https:\/\/www.forum-soegel.de\/information\/wp-content\/uploads\/2019\/11\/Kita-Arche-Noah-feiert-10-j\u00e4hriges-Jubil\u00e4um_8619-768x512.jpg 768w\" sizes=\"auto, (max-width: 1024px) 100vw, 1024px\" \/><\/figure>\n","protected":false},"excerpt":{"rendered":"S\u00f6gel &#8211; \u201eViele verschiedene Tiere und Menschen in einem Boot\u201c \u2013 die Kindertagesst\u00e4tte Arche Noah hat ihr 10j\u00e4hriges Bestehen gefeiert. Zum Tag der offenen T\u00fcr kamen zahlreiche Kinder, ehemalige Kinder und deren Familien sowie Wegbegleiter der Kita.\u201eWillkommen auf unserem Boot\u201c, begr\u00fc\u00dfte Pfarrer Bernhard Horstmann die G\u00e4ste. Kindergartenleiterin Heike Rohe berichtete, wie der Name der Kita [&hellip;]\n","protected":false},"author":2,"featured_media":0,"comment_status":"closed","ping_status":"closed","sticky":false,"template":"","format":"standard","meta":{"ngg_post_thumbnail":0,"footnotes":""},"categories":[868],"tags":[],"class_list":["post-27805","post","type-post","status-publish","format-standard","hentry","category-zwischen-himmel-und-erde"],"_links":{"self":[{"href":"https:\/\/www.forum-soegel.de\/information\/wp-json\/wp\/v2\/posts\/27805","targetHints":{"allow":["GET"]}}],"collection":[{"href":"https:\/\/www.forum-soegel.de\/information\/wp-json\/wp\/v2\/posts"}],"about":[{"href":"https:\/\/www.forum-soegel.de\/information\/wp-json\/wp\/v2\/types\/post"}],"author":[{"embeddable":true,"href":"https:\/\/www.forum-soegel.de\/information\/wp-json\/wp\/v2\/users\/2"}],"replies":[{"embeddable":true,"href":"https:\/\/www.forum-soegel.de\/information\/wp-json\/wp\/v2\/comments?post=27805"}],"version-history":[{"count":1,"href":"https:\/\/www.forum-soegel.de\/information\/wp-json\/wp\/v2\/posts\/27805\/revisions"}],"predecessor-version":[{"id":27811,"href":"https:\/\/www.forum-soegel.de\/information\/wp-json\/wp\/v2\/posts\/27805\/revisions\/27811"}],"wp:attachment":[{"href":"https:\/\/www.forum-soegel.de\/information\/wp-json\/wp\/v2\/media?parent=27805"}],"wp:term":[{"taxonomy":"category","embeddable":true,"href":"https:\/\/www.forum-soegel.de\/information\/wp-json\/wp\/v2\/categories?post=27805"},{"taxonomy":"post_tag","embeddable":true,"href":"https:\/\/www.forum-soegel.de\/information\/wp-json\/wp\/v2\/tags?post=27805"}],"curies":[{"name":"wp","href":"https:\/\/api.w.org\/{rel}","templated":true}]}}