{"id":27800,"date":"2019-11-28T14:41:45","date_gmt":"2019-11-28T13:41:45","guid":{"rendered":"https:\/\/www.forum-soegel.de\/information\/?p=27800"},"modified":"2019-11-28T14:41:46","modified_gmt":"2019-11-28T13:41:46","slug":"hubertusmesse-mit-mehr-als-600-besuchern-auf-schloss-clemenswerth","status":"publish","type":"post","link":"https:\/\/www.forum-soegel.de\/information\/2019\/11\/hubertusmesse-mit-mehr-als-600-besuchern-auf-schloss-clemenswerth\/","title":{"rendered":"Hubertusmesse mit mehr als 600 Besuchern auf Schloss Clemenswerth"},"content":{"rendered":"\n<p>S\u00f6gel &#8211;\n\u201eEs werden immer mehr\u201c, stellte Pfarrer Bernhard Horstmann bei der diesj\u00e4hrigen\nHubertusmesse auf Schloss Clemenswerth erfreut fest, denn viele Teilnehmer aus\nnah und fern fanden keine Sitzm\u00f6glichkeiten mehr vor. So wurden alle St\u00fchle aus\nder Schlosskapelle und dem Sitzungszimmer des Klosters geholt und den \u00e4lteren\nTeilnehmern angeboten. Der Gottesdienst, den die katholische Kirche\nausgerichtete, wurde von Pater Edmund und Pfarrer Horstmann zelebriert. Viele\nBesucher hatten aufgrund der sp\u00e4tsommerlichen Temperaturen mit Pferd und Hund unter\nden B\u00e4umen Schatten gesucht, nutzten die stillen Momente f\u00fcr den ein oder\nanderen besinnlichen Gedanken oder lauschten den Kl\u00e4ngen der Clemenswerther\nJagdhornbl\u00e4ser. In seiner Predigt sprach Horstmann von einer allgegenw\u00e4rtigen\nK\u00e4lte, die in unserer Wohlstandsgesellschaft gegen\u00fcber bed\u00fcrftigen Mitmenschen\nherrsche und legte den Zuh\u00f6rern ans Herz: \u201eNehmen Sie etwas von der Herbstw\u00e4rme\nmit und geben Sie sie weiter\u201c. &nbsp;Zum\nSchluss ert\u00f6nte unter der musikalischen Begleitung der Jagdhornbl\u00e4ser lautstark\ndas Lied \u201eGro\u00dfer Gott, wir loben dich\u201c. Dabei ging Horstmann durch die Reihen\nund segnete die liebsten Freunde des Menschen: Hund und Pferd. Nach dem\nGottesdienst wurde die Schleppjagd unter den Kl\u00e4ngen der Krefelder\nParforcehornbl\u00e4ser er\u00f6ffnet. <\/p>\n\n\n\n<p>Text\/Foto: Gisela Arling<\/p>\n\n\n\n<figure class=\"wp-block-image size-large\"><img loading=\"lazy\" decoding=\"async\" width=\"1024\" height=\"669\" src=\"https:\/\/www.forum-soegel.de\/information\/wp-content\/uploads\/2019\/11\/Hubertusmesse-mit-mehr-als-600-Besuchern-auf-Schloss-Clemenswerth_P1150309.jpg\" alt=\"\" class=\"wp-image-27801\" srcset=\"https:\/\/www.forum-soegel.de\/information\/wp-content\/uploads\/2019\/11\/Hubertusmesse-mit-mehr-als-600-Besuchern-auf-Schloss-Clemenswerth_P1150309.jpg 1024w, https:\/\/www.forum-soegel.de\/information\/wp-content\/uploads\/2019\/11\/Hubertusmesse-mit-mehr-als-600-Besuchern-auf-Schloss-Clemenswerth_P1150309-300x196.jpg 300w, https:\/\/www.forum-soegel.de\/information\/wp-content\/uploads\/2019\/11\/Hubertusmesse-mit-mehr-als-600-Besuchern-auf-Schloss-Clemenswerth_P1150309-768x502.jpg 768w\" sizes=\"auto, (max-width: 1024px) 100vw, 1024px\" \/><figcaption> <br> <br><br> Pfarrer Bernhard Horstmann u. Pater Edmund Kesenheimer zelebrierten die Hubertusmesse\u00a0 <\/figcaption><\/figure>\n\n\n\n<figure class=\"wp-block-image size-large\"><img loading=\"lazy\" decoding=\"async\" width=\"1024\" height=\"768\" src=\"https:\/\/www.forum-soegel.de\/information\/wp-content\/uploads\/2019\/11\/Hubertusmesse-mit-mehr-als-600-Besuchern-auf-Schloss-Clemenswerth_P1150336.jpg\" alt=\"\" class=\"wp-image-27802\" srcset=\"https:\/\/www.forum-soegel.de\/information\/wp-content\/uploads\/2019\/11\/Hubertusmesse-mit-mehr-als-600-Besuchern-auf-Schloss-Clemenswerth_P1150336.jpg 1024w, https:\/\/www.forum-soegel.de\/information\/wp-content\/uploads\/2019\/11\/Hubertusmesse-mit-mehr-als-600-Besuchern-auf-Schloss-Clemenswerth_P1150336-300x225.jpg 300w, https:\/\/www.forum-soegel.de\/information\/wp-content\/uploads\/2019\/11\/Hubertusmesse-mit-mehr-als-600-Besuchern-auf-Schloss-Clemenswerth_P1150336-768x576.jpg 768w\" sizes=\"auto, (max-width: 1024px) 100vw, 1024px\" \/><\/figure>\n\n\n\n<figure class=\"wp-block-image size-large\"><img loading=\"lazy\" decoding=\"async\" width=\"1024\" height=\"768\" src=\"https:\/\/www.forum-soegel.de\/information\/wp-content\/uploads\/2019\/11\/Hubertusmesse-mit-mehr-als-600-Besuchern-auf-Schloss-Clemenswerth_P1150340.jpg\" alt=\"\" class=\"wp-image-27803\" srcset=\"https:\/\/www.forum-soegel.de\/information\/wp-content\/uploads\/2019\/11\/Hubertusmesse-mit-mehr-als-600-Besuchern-auf-Schloss-Clemenswerth_P1150340.jpg 1024w, https:\/\/www.forum-soegel.de\/information\/wp-content\/uploads\/2019\/11\/Hubertusmesse-mit-mehr-als-600-Besuchern-auf-Schloss-Clemenswerth_P1150340-300x225.jpg 300w, https:\/\/www.forum-soegel.de\/information\/wp-content\/uploads\/2019\/11\/Hubertusmesse-mit-mehr-als-600-Besuchern-auf-Schloss-Clemenswerth_P1150340-768x576.jpg 768w\" sizes=\"auto, (max-width: 1024px) 100vw, 1024px\" \/><\/figure>\n","protected":false},"excerpt":{"rendered":"S\u00f6gel &#8211; \u201eEs werden immer mehr\u201c, stellte Pfarrer Bernhard Horstmann bei der diesj\u00e4hrigen Hubertusmesse auf Schloss Clemenswerth erfreut fest, denn viele Teilnehmer aus nah und fern fanden keine Sitzm\u00f6glichkeiten mehr vor. So wurden alle St\u00fchle aus der Schlosskapelle und dem Sitzungszimmer des Klosters geholt und den \u00e4lteren Teilnehmern angeboten. Der Gottesdienst, den die katholische Kirche [&hellip;]\n","protected":false},"author":2,"featured_media":0,"comment_status":"closed","ping_status":"closed","sticky":false,"template":"","format":"standard","meta":{"ngg_post_thumbnail":0,"footnotes":""},"categories":[868],"tags":[],"class_list":["post-27800","post","type-post","status-publish","format-standard","hentry","category-zwischen-himmel-und-erde"],"_links":{"self":[{"href":"https:\/\/www.forum-soegel.de\/information\/wp-json\/wp\/v2\/posts\/27800","targetHints":{"allow":["GET"]}}],"collection":[{"href":"https:\/\/www.forum-soegel.de\/information\/wp-json\/wp\/v2\/posts"}],"about":[{"href":"https:\/\/www.forum-soegel.de\/information\/wp-json\/wp\/v2\/types\/post"}],"author":[{"embeddable":true,"href":"https:\/\/www.forum-soegel.de\/information\/wp-json\/wp\/v2\/users\/2"}],"replies":[{"embeddable":true,"href":"https:\/\/www.forum-soegel.de\/information\/wp-json\/wp\/v2\/comments?post=27800"}],"version-history":[{"count":1,"href":"https:\/\/www.forum-soegel.de\/information\/wp-json\/wp\/v2\/posts\/27800\/revisions"}],"predecessor-version":[{"id":27804,"href":"https:\/\/www.forum-soegel.de\/information\/wp-json\/wp\/v2\/posts\/27800\/revisions\/27804"}],"wp:attachment":[{"href":"https:\/\/www.forum-soegel.de\/information\/wp-json\/wp\/v2\/media?parent=27800"}],"wp:term":[{"taxonomy":"category","embeddable":true,"href":"https:\/\/www.forum-soegel.de\/information\/wp-json\/wp\/v2\/categories?post=27800"},{"taxonomy":"post_tag","embeddable":true,"href":"https:\/\/www.forum-soegel.de\/information\/wp-json\/wp\/v2\/tags?post=27800"}],"curies":[{"name":"wp","href":"https:\/\/api.w.org\/{rel}","templated":true}]}}