{"id":27796,"date":"2019-11-28T14:39:27","date_gmt":"2019-11-28T13:39:27","guid":{"rendered":"https:\/\/www.forum-soegel.de\/information\/?p=27796"},"modified":"2019-11-28T14:39:28","modified_gmt":"2019-11-28T13:39:28","slug":"hohe-auszeichnung-vom-bundespraesidenten-fuer-den-staverner-kirchenchor","status":"publish","type":"post","link":"https:\/\/www.forum-soegel.de\/information\/2019\/11\/hohe-auszeichnung-vom-bundespraesidenten-fuer-den-staverner-kirchenchor\/","title":{"rendered":"Hohe Auszeichnung vom Bundespr\u00e4sidenten f\u00fcr den Staverner Kirchenchor"},"content":{"rendered":"\n<p>Stavern &#8211; Zu einem ganz besonderen Anlass hatte der Kirchenchor am\nvergangenen Wochenende eingeladen. Zahlreiche Staverner folgten dieser\nEinladung und bildeten den entsprechenden Rahmen. F\u00fcr 100 Jahre\nununterbrochenes Wirken wurde die h\u00f6chste deutsche Auszeichnung f\u00fcr\nAmateurch\u00f6re, die \u201eZelterplakette\u201c, vom Vizepr\u00e4sidenten des Landtages, Bernd\nBusemann, \u00fcberreicht. Die dazugeh\u00f6rige Urkunde hatte der Bundespr\u00e4sident,\nFrank-Walter Steinmeier, pers\u00f6nlich unterschrieben.<\/p>\n\n\n\n<p>Mit einem Festgottesdienst, der nat\u00fcrlich vom Chor mitgestaltet wurde,\nkonnte der Feiertag geb\u00fchrend eingeleitet werden. Im Vereinslokal \u201eAltes\nGasthaus Krange\u201c folgte dann die feierliche \u00dcbergabe der Plakette. Der Vorsitzende\nJens Suren-Schmits, begr\u00fc\u00dfte neben dem Pr\u00e4ses, Pfarrer Bernhard Horstmann,\nBernd Busemann, der die leider erkrankte Bundestagsabgeordnete Gitta Connemann\nvertrat, den Staverner B\u00fcrgermeister Rawe und ganz besonders den Bruderverein\naus Werpeloh. Der Franziskuschor aus Werpeloh war mit zahlreichen S\u00e4ngern der\nEinladung gefolgt. <\/p>\n\n\n\n<p>In seiner Begr\u00fc\u00dfungsrede ging der Vorsitzende kurz auf die Geschichte\ndes Chores ein. Der heutige Kirchenchor wurde als reiner M\u00e4nnerchor 1961\ngegr\u00fcndet. Bei den Vorbereitungen zum 50j\u00e4hrigen Jubil\u00e4um im Jahre 2011,\ninsbesondere bei den Recherchen zur damals erstellten Chronik, konnte anhand\nvon alten Unterlagen ermittelt werden, dass der erste Chor, ein gemischter Chor\nim Jahre 1918, kurz vor dem Ende des 1. Weltkrieges in Stavern seinen ersten\n\u00f6ffentlichen Auftritt hatte. In der Folgezeit wurde dieser Chor auch in den\nsich sp\u00e4ter anschlie\u00dfenden schlimmen Jahren der Gewaltherrschaft und des langen\nKrieges weitergef\u00fchrt. So gab es auch noch Aufzeichnungen, die belegen, dass\nEnde der vierziger Jahre in Stavern ein Chor, wenn auch mit kleinerer\nBesetzung, aktiv war. Suren-Schmits, nicht nur Vorsitzender sondern seit Jahren\naktiver S\u00e4nger, schloss seine Ausf\u00fchrungen mit dem Blick auf die verschiedenen\nDirigenten. <\/p>\n\n\n\n<p>\u201eSingen wollen und singen k\u00f6nnen\u201c sind zwei unterschiedliche Sachen.\nHier ist in erster Linie der Dirigent gefordert und mit den Dirigenten hatte\nder Staverner Chor immer Gl\u00fcck. Sie haben es verstanden, einen Chor zu formen,\nder \u00fcber die Staverner Grenzen bekannt und angesehen war und ist. <\/p>\n\n\n\n<p>Pfarrer Bernhard Horstmann, ein gro\u00dfer Fan des Kirchenchors, bedankte\nsich bei allen S\u00e4ngern f\u00fcr ihr Engagement. Er schloss seine Gru\u00dfworte mit dem\nSatz: \u201eIch freu mich immer wieder euch zu h\u00f6ren\u201c.<\/p>\n\n\n\n<p>Festredner Bernd Busemann ging auf die Geschichte des Ortes Stavern und\nder Kirchengemeinde ein. Weiter bemerkte er, dass zu der Zeit, als der Chor\ngegr\u00fcndet wurde, die Menschen nach den schlimmen Kriegsjahren enger zusammenger\u00fcckt\nwaren. Die Gemeinschaft wurde wieder gro\u00df geschrieben. In dieser Zeit wurden\nviele Vereine gegr\u00fcndet. Busemann f\u00fchrte weiter aus, dass die Geschichte der\n\u201eZelterplakette\u201c auf die Berliner Liedertafel um 1900 zur\u00fcck- gehe. Nach dem\nEnde des 2. Weltkrieges wurde die Plakette wieder f\u00fcr besondere Leistungen\nverliehen. Es war \u201eChefsache\u201c, denn die Verleihung erfolgte durch den\nBundespr\u00e4sidenten. Hierzu erging 1956 eigens ein Erlass vom Bundespr\u00e4sidenten.\nAnschlie\u00dfend \u00fcberreichte er dem Vorsitzenden die Plakette und verlas die\nUrkunde des Bundespr\u00e4sidenten.<\/p>\n\n\n\n<p>B\u00fcrgermeister Rawe bezeichnete den Chor als kulturelles Aush\u00e4ngeschild\nund tragende S\u00e4ule der Gemeinde Stavern. Er entschuldigte den\nSamtgemeindeb\u00fcrgermeister Wigbers, der aufgrund von Termin\u00fcberschneidungen\nleider nicht teilnehmen konnte. <\/p>\n\n\n\n<p>Ihr K\u00f6nnen stellten die Staverner S\u00e4nger mit einem Repertoire aus \u201eThe\nBest of Udo J\u00fcrgens\u201c unter Beweis. Wirklich eindrucksvoll, wie die St\u00fccke des\nMeisters der Schlager, vorgetragen wurden. Der Franziskuschor aus Werpeloh\nerntete ebenfalls gro\u00dfen Applaus f\u00fcr ihre Lieder \u201eGriechischer Wein\u201c und dem\nDauerbrenner von Reinhard Mey \u201e\u00dcber den Wolken\u201c. <\/p>\n\n\n\n<p>Frank Manns, Vorsitzender des Werpeloher Chors, begl\u00fcckw\u00fcnschte die\nStaverner S\u00e4nger zu der hohen Auszeichnung und \u00fcberreichte eine\nErinnerungsplakette. <\/p>\n\n\n\n<p>Die Vorsitzenden der Staverner Vereine \u00fcberbrachten ebenfalls\nGl\u00fcckw\u00fcnsche und Geschenke. Heike Rohe, Leiterin des Kindergartens \u201eArche Noah\u201c\naus S\u00f6gel, dankte dem Staverner Chor f\u00fcr die lange Patenschaft und\nbegl\u00fcckw\u00fcnschte die S\u00e4nger zu der hohen Auszeichnung.<\/p>\n\n\n\n<p>Bei der anschlie\u00dfenden Feier hat man noch viele Begebenheiten aus den\nvergangenen Jahren aufleben lassen. <\/p>\n\n\n\n<p>Text\/Foto: Gerd Rode<\/p>\n\n\n\n<figure class=\"wp-block-image size-large\"><img loading=\"lazy\" decoding=\"async\" width=\"1024\" height=\"683\" src=\"https:\/\/www.forum-soegel.de\/information\/wp-content\/uploads\/2019\/11\/Hohe-Auszeichnung-vom-Bundespr\u00e4sidenten-f\u00fcr-den-Staverner-Kirchenchor-1.jpg\" alt=\"\" class=\"wp-image-27797\" srcset=\"https:\/\/www.forum-soegel.de\/information\/wp-content\/uploads\/2019\/11\/Hohe-Auszeichnung-vom-Bundespr\u00e4sidenten-f\u00fcr-den-Staverner-Kirchenchor-1.jpg 1024w, https:\/\/www.forum-soegel.de\/information\/wp-content\/uploads\/2019\/11\/Hohe-Auszeichnung-vom-Bundespr\u00e4sidenten-f\u00fcr-den-Staverner-Kirchenchor-1-300x200.jpg 300w, https:\/\/www.forum-soegel.de\/information\/wp-content\/uploads\/2019\/11\/Hohe-Auszeichnung-vom-Bundespr\u00e4sidenten-f\u00fcr-den-Staverner-Kirchenchor-1-768x512.jpg 768w\" sizes=\"auto, (max-width: 1024px) 100vw, 1024px\" \/><figcaption><br> Der Chor mit den Ehreng\u00e4sten und Busemann \u00fcbergibt die Plakette an den Vorsitzenden <\/figcaption><\/figure>\n\n\n\n<figure class=\"wp-block-image size-large\"><img loading=\"lazy\" decoding=\"async\" width=\"1024\" height=\"518\" src=\"https:\/\/www.forum-soegel.de\/information\/wp-content\/uploads\/2019\/11\/Hohe-Auszeichnung-vom-Bundespr\u00e4sidenten-f\u00fcr-den-Staverner-Kirchenchor-2.jpg\" alt=\"\" class=\"wp-image-27798\" srcset=\"https:\/\/www.forum-soegel.de\/information\/wp-content\/uploads\/2019\/11\/Hohe-Auszeichnung-vom-Bundespr\u00e4sidenten-f\u00fcr-den-Staverner-Kirchenchor-2.jpg 1024w, https:\/\/www.forum-soegel.de\/information\/wp-content\/uploads\/2019\/11\/Hohe-Auszeichnung-vom-Bundespr\u00e4sidenten-f\u00fcr-den-Staverner-Kirchenchor-2-300x152.jpg 300w, https:\/\/www.forum-soegel.de\/information\/wp-content\/uploads\/2019\/11\/Hohe-Auszeichnung-vom-Bundespr\u00e4sidenten-f\u00fcr-den-Staverner-Kirchenchor-2-768x389.jpg 768w\" sizes=\"auto, (max-width: 1024px) 100vw, 1024px\" \/><\/figure>\n","protected":false},"excerpt":{"rendered":"Stavern &#8211; Zu einem ganz besonderen Anlass hatte der Kirchenchor am vergangenen Wochenende eingeladen. Zahlreiche Staverner folgten dieser Einladung und bildeten den entsprechenden Rahmen. F\u00fcr 100 Jahre ununterbrochenes Wirken wurde die h\u00f6chste deutsche Auszeichnung f\u00fcr Amateurch\u00f6re, die \u201eZelterplakette\u201c, vom Vizepr\u00e4sidenten des Landtages, Bernd Busemann, \u00fcberreicht. Die dazugeh\u00f6rige Urkunde hatte der Bundespr\u00e4sident, Frank-Walter Steinmeier, pers\u00f6nlich unterschrieben. [&hellip;]\n","protected":false},"author":2,"featured_media":0,"comment_status":"closed","ping_status":"closed","sticky":false,"template":"","format":"standard","meta":{"ngg_post_thumbnail":0,"footnotes":""},"categories":[868],"tags":[],"class_list":["post-27796","post","type-post","status-publish","format-standard","hentry","category-zwischen-himmel-und-erde"],"_links":{"self":[{"href":"https:\/\/www.forum-soegel.de\/information\/wp-json\/wp\/v2\/posts\/27796","targetHints":{"allow":["GET"]}}],"collection":[{"href":"https:\/\/www.forum-soegel.de\/information\/wp-json\/wp\/v2\/posts"}],"about":[{"href":"https:\/\/www.forum-soegel.de\/information\/wp-json\/wp\/v2\/types\/post"}],"author":[{"embeddable":true,"href":"https:\/\/www.forum-soegel.de\/information\/wp-json\/wp\/v2\/users\/2"}],"replies":[{"embeddable":true,"href":"https:\/\/www.forum-soegel.de\/information\/wp-json\/wp\/v2\/comments?post=27796"}],"version-history":[{"count":1,"href":"https:\/\/www.forum-soegel.de\/information\/wp-json\/wp\/v2\/posts\/27796\/revisions"}],"predecessor-version":[{"id":27799,"href":"https:\/\/www.forum-soegel.de\/information\/wp-json\/wp\/v2\/posts\/27796\/revisions\/27799"}],"wp:attachment":[{"href":"https:\/\/www.forum-soegel.de\/information\/wp-json\/wp\/v2\/media?parent=27796"}],"wp:term":[{"taxonomy":"category","embeddable":true,"href":"https:\/\/www.forum-soegel.de\/information\/wp-json\/wp\/v2\/categories?post=27796"},{"taxonomy":"post_tag","embeddable":true,"href":"https:\/\/www.forum-soegel.de\/information\/wp-json\/wp\/v2\/tags?post=27796"}],"curies":[{"name":"wp","href":"https:\/\/api.w.org\/{rel}","templated":true}]}}