{"id":27788,"date":"2019-11-28T14:35:37","date_gmt":"2019-11-28T13:35:37","guid":{"rendered":"https:\/\/www.forum-soegel.de\/information\/?p=27788"},"modified":"2019-11-28T14:36:29","modified_gmt":"2019-11-28T13:36:29","slug":"ohne-die-ehrenamtlichen-gaebe-es-keine-tafel-in-soegel","status":"publish","type":"post","link":"https:\/\/www.forum-soegel.de\/information\/2019\/11\/ohne-die-ehrenamtlichen-gaebe-es-keine-tafel-in-soegel\/","title":{"rendered":"Ohne die Ehrenamtlichen g\u00e4be es keine Tafel in S\u00f6gel"},"content":{"rendered":"\n<p>S\u00f6gel &#8211; Im Gemeindezentrum St. Jakobus in S\u00f6gel fand ein\nvom Sozialdienst katholischer Frauen und M\u00e4nner (SKFM e.V.) ausgerichteter Dankesch\u00f6n-Abend\nf\u00fcr alle ehrenamtlichen Helfer der S\u00f6geler Tafel statt. Der Referent f\u00fcr\ndiakonische Aufgaben im SKFM, Heino B\u00f6ning, bedankte sich bei den \u201estillen\nHelfern\u201c und sagte: \u201eDurch euer flei\u00dfiges Anpacken, ohne gro\u00dfe Worte, tragt ihr\netwas mehr Solidarit\u00e4t und Mitmenschlichkeit in die Gesellschaft.\u201c Er \u00fcberreichte\nden Ehrenamtlichen ein Thymian-P\u00e4ckchen mit dem Hinweis, \u201eThymian gilt als\nSymbol f\u00fcr den rastlosen Flei\u00df der Bienen, f\u00fcr Mut, St\u00e4rke und Ausdauer. Diese\nEigenschaften finde ich auch bei euch. Wie der Thymian seinen Duft verstr\u00f6mt,\nso macht ihr auf euer Engagement aufmerksam und gebt so ein lebendiges\nBeispiel\u201c. B\u00f6ning teilte zudem mit, dass j\u00e4hrlich im Durchschnitt 42 neue Anfragen\nf\u00fcr die Tafelnutzung auf dem H\u00fcmmling vorl\u00e4gen. Die Antragssteller w\u00fcrden dann\nnach \u00dcberpr\u00fcfung auf Berechtigung eine Kundenkarte erhalten, um bei der\nLebensmittelausgabe besser planen zu k\u00f6nnen. Au\u00dferdem wies B\u00f6ning darauf hin,\ndass eine neue Aktion des SKFM mit der \u00dcberschrift \u201eKauf eins mehr\u201c in Planung\nsei und in K\u00fcrze starten soll. Dabei sollen seinen Worten zufolge Menschen bei\nihrem Einkauf im Supermarkt gebeten werden, ein haltbares Lebensmittel\n(Konserven, Nudeln, Kaffee, Zahnpasta, Duschgel etc.) extra einzukaufen und\nanschlie\u00dfend in die daf\u00fcr bereit gestellten K\u00f6rbe der Tafel zu legen. <\/p>\n\n\n\n<p>In S\u00f6gel findet die Lebensmittelausgabe der Tafel jeweils\ndonnerstags von 14.00 Uhr \u2013 15.00 Uhr am Sachsenweg statt. Dazu startet um 8.00\nUhr morgens ein mit zwei Fahrern besetzter K\u00fchlwagen zu den Lebensmittelm\u00e4rkten,\num die \u00fcbersch\u00fcssigen Lebensmittel vom Vortag abzuholen und zu der\nAusgabestelle zu transportieren. Dort stehen, im 14t\u00e4gigen Wechsel, die ehrenamtlichen\nHelfer bereit, um die Lebensmittel zu sortieren. Eine andere Gruppe ist dann f\u00fcr\ndie Verteilung an die Bed\u00fcrftigen zust\u00e4ndig. \u201eDieser freiwillige Einsatz der\nHelfer, die in Teams arbeiten und sich von daher seltener sehen, nimmt der SKFM\nPapenburg e.V. jedes Jahr mit zwei Veranstaltungen in den Gemeinden der\nAusgabestellen zum Anlass, einmal Danke zu sagen und das gro\u00dfartige Engagement\nzu w\u00fcrdigen. Au\u00dferdem bieten wir alle zwei Jahre f\u00fcr alle Helfer und Betreuer\nder sechs Tafeln eine gemeinsame Ehrenamts-Tagesfahrt an\u201c, teilte Ursula Naujok\nvom SKFM und&nbsp; Koordinatorin der Tafeln\nmit. Annemarie Br\u00fcggemann erkl\u00e4rte derweil in ihrer Funktion als Koordinatorin\nf\u00fcr das Ehrenamt beim SKFM die Ehrenamtskarte, die j\u00e4hrlich vom Landkreis\nEmsland an langj\u00e4hrige Ehrenamtliche ausgegeben wird. Diakon und Betreuer der\nS\u00f6geler Tafel, Michael Musolf, bedankte sich ebenfalls bei den vielen\nehrenamtlichen Helfern und bemerkte: \u201eDie Tafeln sind auch ein wichtiger Ort\nder Begegnung und des Austausches\u201c. Seinen Dankesworten schloss sich\nGemeindereferentin Petra Macke stellvertretend f\u00fcr die Katholische\nKirchengemeinde St. Jakobus S\u00f6gel an. <\/p>\n\n\n\n<p>Text\/Foto: Gisela Arling<\/p>\n\n\n\n<figure class=\"wp-block-image size-large\"><img loading=\"lazy\" decoding=\"async\" width=\"1024\" height=\"621\" src=\"https:\/\/www.forum-soegel.de\/information\/wp-content\/uploads\/2019\/11\/Ohne-die-Ehrenamtlichen-g\u00e4be-es-keine-Tafel-in-S\u00f6gel-2.jpg\" alt=\"\" class=\"wp-image-27790\" srcset=\"https:\/\/www.forum-soegel.de\/information\/wp-content\/uploads\/2019\/11\/Ohne-die-Ehrenamtlichen-g\u00e4be-es-keine-Tafel-in-S\u00f6gel-2.jpg 1024w, https:\/\/www.forum-soegel.de\/information\/wp-content\/uploads\/2019\/11\/Ohne-die-Ehrenamtlichen-g\u00e4be-es-keine-Tafel-in-S\u00f6gel-2-300x182.jpg 300w, https:\/\/www.forum-soegel.de\/information\/wp-content\/uploads\/2019\/11\/Ohne-die-Ehrenamtlichen-g\u00e4be-es-keine-Tafel-in-S\u00f6gel-2-768x466.jpg 768w\" sizes=\"auto, (max-width: 1024px) 100vw, 1024px\" \/><\/figure>\n","protected":false},"excerpt":{"rendered":"S\u00f6gel &#8211; Im Gemeindezentrum St. Jakobus in S\u00f6gel fand ein vom Sozialdienst katholischer Frauen und M\u00e4nner (SKFM e.V.) ausgerichteter Dankesch\u00f6n-Abend f\u00fcr alle ehrenamtlichen Helfer der S\u00f6geler Tafel statt. Der Referent f\u00fcr diakonische Aufgaben im SKFM, Heino B\u00f6ning, bedankte sich bei den \u201estillen Helfern\u201c und sagte: \u201eDurch euer flei\u00dfiges Anpacken, ohne gro\u00dfe Worte, tragt ihr etwas [&hellip;]\n","protected":false},"author":2,"featured_media":0,"comment_status":"closed","ping_status":"closed","sticky":false,"template":"","format":"standard","meta":{"ngg_post_thumbnail":0,"footnotes":""},"categories":[868],"tags":[],"class_list":["post-27788","post","type-post","status-publish","format-standard","hentry","category-zwischen-himmel-und-erde"],"_links":{"self":[{"href":"https:\/\/www.forum-soegel.de\/information\/wp-json\/wp\/v2\/posts\/27788","targetHints":{"allow":["GET"]}}],"collection":[{"href":"https:\/\/www.forum-soegel.de\/information\/wp-json\/wp\/v2\/posts"}],"about":[{"href":"https:\/\/www.forum-soegel.de\/information\/wp-json\/wp\/v2\/types\/post"}],"author":[{"embeddable":true,"href":"https:\/\/www.forum-soegel.de\/information\/wp-json\/wp\/v2\/users\/2"}],"replies":[{"embeddable":true,"href":"https:\/\/www.forum-soegel.de\/information\/wp-json\/wp\/v2\/comments?post=27788"}],"version-history":[{"count":2,"href":"https:\/\/www.forum-soegel.de\/information\/wp-json\/wp\/v2\/posts\/27788\/revisions"}],"predecessor-version":[{"id":27792,"href":"https:\/\/www.forum-soegel.de\/information\/wp-json\/wp\/v2\/posts\/27788\/revisions\/27792"}],"wp:attachment":[{"href":"https:\/\/www.forum-soegel.de\/information\/wp-json\/wp\/v2\/media?parent=27788"}],"wp:term":[{"taxonomy":"category","embeddable":true,"href":"https:\/\/www.forum-soegel.de\/information\/wp-json\/wp\/v2\/categories?post=27788"},{"taxonomy":"post_tag","embeddable":true,"href":"https:\/\/www.forum-soegel.de\/information\/wp-json\/wp\/v2\/tags?post=27788"}],"curies":[{"name":"wp","href":"https:\/\/api.w.org\/{rel}","templated":true}]}}