{"id":27778,"date":"2019-11-28T14:29:54","date_gmt":"2019-11-28T13:29:54","guid":{"rendered":"https:\/\/www.forum-soegel.de\/information\/?p=27778"},"modified":"2019-11-28T14:30:50","modified_gmt":"2019-11-28T13:30:50","slug":"der-pfarrgemeinderat-spahnharrenstaette-informiert","status":"publish","type":"post","link":"https:\/\/www.forum-soegel.de\/information\/2019\/11\/der-pfarrgemeinderat-spahnharrenstaette-informiert\/","title":{"rendered":"Der Pfarrgemeinderat Spahnharrenst\u00e4tte informiert\u2026"},"content":{"rendered":"\n<p><strong>Verabschiedung\nder Gemeindereferentin Manuela Sauder<\/strong><\/p>\n\n\n\n<p>Am 31.08.2019 haben wir unsere Gemeindereferentin Manuela Sauder verabschiedet. Nach sieben Jahren T\u00e4tigkeit \u2013 \u00fcberwiegend in den Gemeinden Spahnharrenst\u00e4tte und Werpeloh \u2013 wechselt Manuela in die Pfarreiengemeinschaft Osth\u00fcmmling. Viele Gemeindemitglieder haben die Gelegenheit genutzt sich bei Manuela zu verabschieden und ihr f\u00fcr die Zukunft alles Gute zu w\u00fcnschen. Als Nachfolgerin d\u00fcrfen wir Hildegard Meyer aus Vrees begr\u00fc\u00dfen.<\/p>\n\n\n\n<div class=\"wp-block-image\"><figure class=\"aligncenter size-large\"><img loading=\"lazy\" decoding=\"async\" width=\"1024\" height=\"575\" src=\"https:\/\/www.forum-soegel.de\/information\/wp-content\/uploads\/2019\/11\/Der-Pfarrgemeinderat-Spahnharrenst\u00e4tte-informiert_Verabschiedung-GMR.jpg\" alt=\"\" class=\"wp-image-27779\" srcset=\"https:\/\/www.forum-soegel.de\/information\/wp-content\/uploads\/2019\/11\/Der-Pfarrgemeinderat-Spahnharrenst\u00e4tte-informiert_Verabschiedung-GMR.jpg 1024w, https:\/\/www.forum-soegel.de\/information\/wp-content\/uploads\/2019\/11\/Der-Pfarrgemeinderat-Spahnharrenst\u00e4tte-informiert_Verabschiedung-GMR-300x168.jpg 300w, https:\/\/www.forum-soegel.de\/information\/wp-content\/uploads\/2019\/11\/Der-Pfarrgemeinderat-Spahnharrenst\u00e4tte-informiert_Verabschiedung-GMR-768x431.jpg 768w\" sizes=\"auto, (max-width: 1024px) 100vw, 1024px\" \/><\/figure><\/div>\n\n\n\n<p><strong>Messdienerausflug<\/strong><\/p>\n\n\n\n<p>F\u00fcr den treuen Dienst am Altar hat der Pfarrgemeinderat Spahnharrenst\u00e4tte einen Ausflug f\u00fcr alle Messdiener organisiert. Ziel war der Kletterwald und der 3D-Bogenpark in \u201eSurwolds Wald\u201c. Alle waren sich einig, dass es ein gelungener Ausflug war.<\/p>\n\n\n\n<div class=\"wp-block-image\"><figure class=\"aligncenter size-large\"><img loading=\"lazy\" decoding=\"async\" width=\"576\" height=\"768\" src=\"https:\/\/www.forum-soegel.de\/information\/wp-content\/uploads\/2019\/11\/Der-Pfarrgemeinderat-Spahnharrenst\u00e4tte-informiert_Messdienerausflug.jpg\" alt=\"\" class=\"wp-image-27780\" srcset=\"https:\/\/www.forum-soegel.de\/information\/wp-content\/uploads\/2019\/11\/Der-Pfarrgemeinderat-Spahnharrenst\u00e4tte-informiert_Messdienerausflug.jpg 576w, https:\/\/www.forum-soegel.de\/information\/wp-content\/uploads\/2019\/11\/Der-Pfarrgemeinderat-Spahnharrenst\u00e4tte-informiert_Messdienerausflug-225x300.jpg 225w\" sizes=\"auto, (max-width: 576px) 100vw, 576px\" \/><\/figure><\/div>\n\n\n\n<p><strong>Erntedankfest\nund Zeltlagernachtreffen<\/strong><\/p>\n\n\n\n<p>Das diesj\u00e4hrige Erntedankfest mit\nZeltlagernachtreffen im Spahnharrenst\u00e4tter Pfarrgarten war wieder ein voller\nErfolg. Viele Gemeindemitglieder sind der Einladung des Pfarrgemeinderates\ngefolgt und haben sich morgens zum Erntedankgottesdienst mit der\nSch\u00fctzenkapelle Spahnharrenst\u00e4tte und der Gitarrengruppe hinter dem Pfarrhaus\neingefunden. Im Anschluss hat ein erstmalig organisiertes Mitbringbuffet alle\nErwartungen \u00fcbertroffen. Der Nachmittag wurde mit tollen Beitr\u00e4gen der\nGrundschule, des Kindergartens, der \u201eKleinen Kapelle\u201c und der Sch\u00fctzenkapelle gestaltet.\nF\u00fcr die Kinder haben sich die Gruppenleiter wieder lustige Spiele ausgedacht\nund auch die H\u00fcpfburg fand gro\u00dfen Anklang.<\/p>\n\n\n\n<p>Gott sei Dank \u2013 Erntedank!<\/p>\n\n\n\n<figure class=\"wp-block-image size-large\"><img loading=\"lazy\" decoding=\"async\" width=\"1024\" height=\"768\" src=\"https:\/\/www.forum-soegel.de\/information\/wp-content\/uploads\/2019\/11\/Der-Pfarrgemeinderat-Spahnharrenst\u00e4tte-informiert_Erntedankfest.jpg\" alt=\"\" class=\"wp-image-27781\" srcset=\"https:\/\/www.forum-soegel.de\/information\/wp-content\/uploads\/2019\/11\/Der-Pfarrgemeinderat-Spahnharrenst\u00e4tte-informiert_Erntedankfest.jpg 1024w, https:\/\/www.forum-soegel.de\/information\/wp-content\/uploads\/2019\/11\/Der-Pfarrgemeinderat-Spahnharrenst\u00e4tte-informiert_Erntedankfest-300x225.jpg 300w, https:\/\/www.forum-soegel.de\/information\/wp-content\/uploads\/2019\/11\/Der-Pfarrgemeinderat-Spahnharrenst\u00e4tte-informiert_Erntedankfest-768x576.jpg 768w\" sizes=\"auto, (max-width: 1024px) 100vw, 1024px\" \/><\/figure>\n\n\n\n<p>Text\/Foto: PGR\nSpahnharrenst\u00e4tte<\/p>\n","protected":false},"excerpt":{"rendered":"Verabschiedung der Gemeindereferentin Manuela Sauder Am 31.08.2019 haben wir unsere Gemeindereferentin Manuela Sauder verabschiedet. Nach sieben Jahren T\u00e4tigkeit \u2013 \u00fcberwiegend in den Gemeinden Spahnharrenst\u00e4tte und Werpeloh \u2013 wechselt Manuela in die Pfarreiengemeinschaft Osth\u00fcmmling. Viele Gemeindemitglieder haben die Gelegenheit genutzt sich bei Manuela zu verabschieden und ihr f\u00fcr die Zukunft alles Gute zu w\u00fcnschen. Als Nachfolgerin [&hellip;]\n","protected":false},"author":2,"featured_media":0,"comment_status":"closed","ping_status":"closed","sticky":false,"template":"","format":"standard","meta":{"ngg_post_thumbnail":0,"footnotes":""},"categories":[868],"tags":[],"class_list":["post-27778","post","type-post","status-publish","format-standard","hentry","category-zwischen-himmel-und-erde"],"_links":{"self":[{"href":"https:\/\/www.forum-soegel.de\/information\/wp-json\/wp\/v2\/posts\/27778","targetHints":{"allow":["GET"]}}],"collection":[{"href":"https:\/\/www.forum-soegel.de\/information\/wp-json\/wp\/v2\/posts"}],"about":[{"href":"https:\/\/www.forum-soegel.de\/information\/wp-json\/wp\/v2\/types\/post"}],"author":[{"embeddable":true,"href":"https:\/\/www.forum-soegel.de\/information\/wp-json\/wp\/v2\/users\/2"}],"replies":[{"embeddable":true,"href":"https:\/\/www.forum-soegel.de\/information\/wp-json\/wp\/v2\/comments?post=27778"}],"version-history":[{"count":2,"href":"https:\/\/www.forum-soegel.de\/information\/wp-json\/wp\/v2\/posts\/27778\/revisions"}],"predecessor-version":[{"id":27783,"href":"https:\/\/www.forum-soegel.de\/information\/wp-json\/wp\/v2\/posts\/27778\/revisions\/27783"}],"wp:attachment":[{"href":"https:\/\/www.forum-soegel.de\/information\/wp-json\/wp\/v2\/media?parent=27778"}],"wp:term":[{"taxonomy":"category","embeddable":true,"href":"https:\/\/www.forum-soegel.de\/information\/wp-json\/wp\/v2\/categories?post=27778"},{"taxonomy":"post_tag","embeddable":true,"href":"https:\/\/www.forum-soegel.de\/information\/wp-json\/wp\/v2\/tags?post=27778"}],"curies":[{"name":"wp","href":"https:\/\/api.w.org\/{rel}","templated":true}]}}