{"id":27775,"date":"2019-11-28T14:27:27","date_gmt":"2019-11-28T13:27:27","guid":{"rendered":"https:\/\/www.forum-soegel.de\/information\/?p=27775"},"modified":"2019-11-28T14:27:29","modified_gmt":"2019-11-28T13:27:29","slug":"25-jaehriges-dienstjubilaeum-im-familienzentrum-st-jakobus","status":"publish","type":"post","link":"https:\/\/www.forum-soegel.de\/information\/2019\/11\/25-jaehriges-dienstjubilaeum-im-familienzentrum-st-jakobus\/","title":{"rendered":"25-j\u00e4hriges Dienstjubil\u00e4um im Familienzentrum St. Jakobus"},"content":{"rendered":"\n<p>S\u00f6gel &#8211; Auf 25 Jahre T\u00e4tigkeit konnte Frau Ruth Segbers als\nRaumpflegerin in der kath. Kindertagesst\u00e4tte zur\u00fcckblicken .Frau Irmgard\nWelling dankte ihr sehr herzlich f\u00fcr die Treue zum Haus. Zu den Gratulanten\ngeh\u00f6rten ihre Arbeitskollegen FrauTatjana Panarta und Frau Lora Jerke. Der\nRendant Arnold Welling \u00fcberbrachte die Gl\u00fcckw\u00fcnsche des Tr\u00e4gers der kath.\nKirchengemeinde.<\/p>\n\n\n\n<p>Text: Irmgard Welling \/ Foto: Karina Jansen<\/p>\n\n\n\n<figure class=\"wp-block-image size-large\"><img loading=\"lazy\" decoding=\"async\" width=\"1024\" height=\"768\" src=\"https:\/\/www.forum-soegel.de\/information\/wp-content\/uploads\/2019\/11\/25-J\u00e4hriges-Dienstjubil\u00e4um-im-Familienzentrum-St.-Jakobus.jpg\" alt=\"\" class=\"wp-image-27776\" srcset=\"https:\/\/www.forum-soegel.de\/information\/wp-content\/uploads\/2019\/11\/25-J\u00e4hriges-Dienstjubil\u00e4um-im-Familienzentrum-St.-Jakobus.jpg 1024w, https:\/\/www.forum-soegel.de\/information\/wp-content\/uploads\/2019\/11\/25-J\u00e4hriges-Dienstjubil\u00e4um-im-Familienzentrum-St.-Jakobus-300x225.jpg 300w, https:\/\/www.forum-soegel.de\/information\/wp-content\/uploads\/2019\/11\/25-J\u00e4hriges-Dienstjubil\u00e4um-im-Familienzentrum-St.-Jakobus-768x576.jpg 768w\" sizes=\"auto, (max-width: 1024px) 100vw, 1024px\" \/><\/figure>\n","protected":false},"excerpt":{"rendered":"S\u00f6gel &#8211; Auf 25 Jahre T\u00e4tigkeit konnte Frau Ruth Segbers als Raumpflegerin in der kath. Kindertagesst\u00e4tte zur\u00fcckblicken .Frau Irmgard Welling dankte ihr sehr herzlich f\u00fcr die Treue zum Haus. Zu den Gratulanten geh\u00f6rten ihre Arbeitskollegen FrauTatjana Panarta und Frau Lora Jerke. Der Rendant Arnold Welling \u00fcberbrachte die Gl\u00fcckw\u00fcnsche des Tr\u00e4gers der kath. Kirchengemeinde. Text: Irmgard [&hellip;]\n","protected":false},"author":2,"featured_media":0,"comment_status":"closed","ping_status":"closed","sticky":false,"template":"","format":"standard","meta":{"ngg_post_thumbnail":0,"footnotes":""},"categories":[868],"tags":[],"class_list":["post-27775","post","type-post","status-publish","format-standard","hentry","category-zwischen-himmel-und-erde"],"_links":{"self":[{"href":"https:\/\/www.forum-soegel.de\/information\/wp-json\/wp\/v2\/posts\/27775","targetHints":{"allow":["GET"]}}],"collection":[{"href":"https:\/\/www.forum-soegel.de\/information\/wp-json\/wp\/v2\/posts"}],"about":[{"href":"https:\/\/www.forum-soegel.de\/information\/wp-json\/wp\/v2\/types\/post"}],"author":[{"embeddable":true,"href":"https:\/\/www.forum-soegel.de\/information\/wp-json\/wp\/v2\/users\/2"}],"replies":[{"embeddable":true,"href":"https:\/\/www.forum-soegel.de\/information\/wp-json\/wp\/v2\/comments?post=27775"}],"version-history":[{"count":1,"href":"https:\/\/www.forum-soegel.de\/information\/wp-json\/wp\/v2\/posts\/27775\/revisions"}],"predecessor-version":[{"id":27777,"href":"https:\/\/www.forum-soegel.de\/information\/wp-json\/wp\/v2\/posts\/27775\/revisions\/27777"}],"wp:attachment":[{"href":"https:\/\/www.forum-soegel.de\/information\/wp-json\/wp\/v2\/media?parent=27775"}],"wp:term":[{"taxonomy":"category","embeddable":true,"href":"https:\/\/www.forum-soegel.de\/information\/wp-json\/wp\/v2\/categories?post=27775"},{"taxonomy":"post_tag","embeddable":true,"href":"https:\/\/www.forum-soegel.de\/information\/wp-json\/wp\/v2\/tags?post=27775"}],"curies":[{"name":"wp","href":"https:\/\/api.w.org\/{rel}","templated":true}]}}