{"id":27771,"date":"2019-11-28T14:26:17","date_gmt":"2019-11-28T13:26:17","guid":{"rendered":"https:\/\/www.forum-soegel.de\/information\/?p=27771"},"modified":"2019-11-28T14:26:18","modified_gmt":"2019-11-28T13:26:18","slug":"spielplatz-edith-stein-ring-pius-ii-in-boerger-durch-anwohner-fertig-gestellt","status":"publish","type":"post","link":"https:\/\/www.forum-soegel.de\/information\/2019\/11\/spielplatz-edith-stein-ring-pius-ii-in-boerger-durch-anwohner-fertig-gestellt\/","title":{"rendered":"Spielplatz \u201eEdith-Stein-Ring (Pius II)\u201c  in B\u00f6rger durch Anwohner fertig gestellt"},"content":{"rendered":"\n<p>B\u00f6rger &#8211; Der Spielplatz am \u201eEdith-Stein-Ring (Pius II)\u201c in B\u00f6rger wurde\ndurch seine Anwohner wieder instand gesetzt und erneuert. <\/p>\n\n\n\n<p>An der Instandsetzungsaktion beteiligten sich \u00fcber 30 Haushalte aus dem\nEdith-Stein-Ring. <\/p>\n\n\n\n<p>Die Arbeiten wurden mit gro\u00dfer Motivation und Engagement durchgef\u00fchrt. <\/p>\n\n\n\n<p>Im Rahmen von mehreren Arbeitseins\u00e4tzen konnte der Spielplatz komplett\nerneuert werden. <\/p>\n\n\n\n<p>Die neuen Spielger\u00e4te wurden durch das von der Gemeinde B\u00f6rger\nbeauftragte Fachunternehmen \u201eAndreas Str\u00f6hl Gartendesign\u201c aufgestellt, alle\nanderen Arbeiten wurden in Eigeninitiative durch die Anwohner durchgef\u00fchrt.<\/p>\n\n\n\n<p>Zur Einweihungsfeier am 21.09.2019 sprach auch der B\u00fcrgermeister J\u00fcrgen\nErmes im Namen der Gemeinde B\u00f6rger den Anwohnen seinen Dank und seine\nAnerkennung f\u00fcr die gro\u00dfe Arbeitsleistung aus. <\/p>\n\n\n\n<p>Andreas Jansen bedankte sich im Namen der Anwohner f\u00fcr die Unterst\u00fctzung\ndurch die Gemeinde B\u00f6rger und besonderes bei den Firmen Andreas Str\u00f6hl\nGartendesign B\u00f6rger, Mecklenburg-Schlangen Bauunternehmung GmbH &amp; Co. KG\nund MB Haustechnik, die die Arbeiten mit Material und Arbeitsmaschinen m\u00f6glich\ngemacht hatten. Ein besonderer Dank galt auch der&nbsp; Firma Herrenholzer Schinken, die sich um das\nleibliche Wohl bei der Einweihungsfeier gek\u00fcmmert hat.&nbsp;&nbsp; <\/p>\n\n\n\n<p>Text\/Foto: Anwohner Edith-Stein-Ring, B\u00f6rger<\/p>\n\n\n\n<figure class=\"wp-block-image size-large\"><img loading=\"lazy\" decoding=\"async\" width=\"1024\" height=\"683\" src=\"https:\/\/www.forum-soegel.de\/information\/wp-content\/uploads\/2019\/11\/Spielplatz-Edith-Stein-Ring-Pius-II-in-B\u00f6rger-durch-Anwohner-fertig-gestellt-1.jpg\" alt=\"\" class=\"wp-image-27772\" srcset=\"https:\/\/www.forum-soegel.de\/information\/wp-content\/uploads\/2019\/11\/Spielplatz-Edith-Stein-Ring-Pius-II-in-B\u00f6rger-durch-Anwohner-fertig-gestellt-1.jpg 1024w, https:\/\/www.forum-soegel.de\/information\/wp-content\/uploads\/2019\/11\/Spielplatz-Edith-Stein-Ring-Pius-II-in-B\u00f6rger-durch-Anwohner-fertig-gestellt-1-300x200.jpg 300w, https:\/\/www.forum-soegel.de\/information\/wp-content\/uploads\/2019\/11\/Spielplatz-Edith-Stein-Ring-Pius-II-in-B\u00f6rger-durch-Anwohner-fertig-gestellt-1-768x512.jpg 768w\" sizes=\"auto, (max-width: 1024px) 100vw, 1024px\" \/><\/figure>\n\n\n\n<figure class=\"wp-block-image size-large\"><img loading=\"lazy\" decoding=\"async\" width=\"1024\" height=\"683\" src=\"https:\/\/www.forum-soegel.de\/information\/wp-content\/uploads\/2019\/11\/Spielplatz-Edith-Stein-Ring-Pius-II-in-B\u00f6rger-durch-Anwohner-fertig-gestellt-2.jpg\" alt=\"\" class=\"wp-image-27773\" srcset=\"https:\/\/www.forum-soegel.de\/information\/wp-content\/uploads\/2019\/11\/Spielplatz-Edith-Stein-Ring-Pius-II-in-B\u00f6rger-durch-Anwohner-fertig-gestellt-2.jpg 1024w, https:\/\/www.forum-soegel.de\/information\/wp-content\/uploads\/2019\/11\/Spielplatz-Edith-Stein-Ring-Pius-II-in-B\u00f6rger-durch-Anwohner-fertig-gestellt-2-300x200.jpg 300w, https:\/\/www.forum-soegel.de\/information\/wp-content\/uploads\/2019\/11\/Spielplatz-Edith-Stein-Ring-Pius-II-in-B\u00f6rger-durch-Anwohner-fertig-gestellt-2-768x512.jpg 768w\" sizes=\"auto, (max-width: 1024px) 100vw, 1024px\" \/><\/figure>\n","protected":false},"excerpt":{"rendered":"B\u00f6rger &#8211; Der Spielplatz am \u201eEdith-Stein-Ring (Pius II)\u201c in B\u00f6rger wurde durch seine Anwohner wieder instand gesetzt und erneuert. An der Instandsetzungsaktion beteiligten sich \u00fcber 30 Haushalte aus dem Edith-Stein-Ring. Die Arbeiten wurden mit gro\u00dfer Motivation und Engagement durchgef\u00fchrt. Im Rahmen von mehreren Arbeitseins\u00e4tzen konnte der Spielplatz komplett erneuert werden. Die neuen Spielger\u00e4te wurden durch [&hellip;]\n","protected":false},"author":2,"featured_media":0,"comment_status":"closed","ping_status":"closed","sticky":false,"template":"","format":"standard","meta":{"ngg_post_thumbnail":0,"footnotes":""},"categories":[3],"tags":[],"class_list":["post-27771","post","type-post","status-publish","format-standard","hentry","category-aktuelles-aus-der-region"],"_links":{"self":[{"href":"https:\/\/www.forum-soegel.de\/information\/wp-json\/wp\/v2\/posts\/27771","targetHints":{"allow":["GET"]}}],"collection":[{"href":"https:\/\/www.forum-soegel.de\/information\/wp-json\/wp\/v2\/posts"}],"about":[{"href":"https:\/\/www.forum-soegel.de\/information\/wp-json\/wp\/v2\/types\/post"}],"author":[{"embeddable":true,"href":"https:\/\/www.forum-soegel.de\/information\/wp-json\/wp\/v2\/users\/2"}],"replies":[{"embeddable":true,"href":"https:\/\/www.forum-soegel.de\/information\/wp-json\/wp\/v2\/comments?post=27771"}],"version-history":[{"count":1,"href":"https:\/\/www.forum-soegel.de\/information\/wp-json\/wp\/v2\/posts\/27771\/revisions"}],"predecessor-version":[{"id":27774,"href":"https:\/\/www.forum-soegel.de\/information\/wp-json\/wp\/v2\/posts\/27771\/revisions\/27774"}],"wp:attachment":[{"href":"https:\/\/www.forum-soegel.de\/information\/wp-json\/wp\/v2\/media?parent=27771"}],"wp:term":[{"taxonomy":"category","embeddable":true,"href":"https:\/\/www.forum-soegel.de\/information\/wp-json\/wp\/v2\/categories?post=27771"},{"taxonomy":"post_tag","embeddable":true,"href":"https:\/\/www.forum-soegel.de\/information\/wp-json\/wp\/v2\/tags?post=27771"}],"curies":[{"name":"wp","href":"https:\/\/api.w.org\/{rel}","templated":true}]}}