{"id":27765,"date":"2019-11-28T14:23:10","date_gmt":"2019-11-28T13:23:10","guid":{"rendered":"https:\/\/www.forum-soegel.de\/information\/?p=27765"},"modified":"2019-11-28T14:23:11","modified_gmt":"2019-11-28T13:23:11","slug":"spd-soegel-zeigt-sich-gut-geruestet-fuer-die-zukunft","status":"publish","type":"post","link":"https:\/\/www.forum-soegel.de\/information\/2019\/11\/spd-soegel-zeigt-sich-gut-geruestet-fuer-die-zukunft\/","title":{"rendered":"SPD S\u00f6gel zeigt sich gut ger\u00fcstet f\u00fcr die Zukunft"},"content":{"rendered":"\n<p>S\u00f6gel &#8211; Auf der letzten Mitgliederversammlung des SPD Ortsvereins S\u00f6gel zeigten sich die Mitglieder optimistisch, so konnte ein junges Mitglied in die Partei aufgenommen werden. <br> \u201eEs sind st\u00fcrmische Zeiten f\u00fcr die Parteien &#8211; insbesondere f\u00fcr unsere SPD!\u201c Mit diesen Worten er\u00f6ffnete Lars Bollmann, Vorsitzender des Ortsvereins S\u00f6gel, die Mitgliederversammlung im Hotel Clemenswerther Hof. Vor Ort sei die Partei nach Angaben Bollmanns allerdings gut aufgestellt und man w\u00fcrde optimistisch in die Zukunft blicken. Einig waren sich die anwesenden Sozialdemokraten, dass fr\u00fchzeitig auch der Blick auf die Kommunalwahl im \u00fcbern\u00e4chsten Jahr gerichtet werden m\u00fcsse. \u201eWir brauchen wieder engagierte Kandidatinnen und Kandidaten, um die gute Arbeit der Sozialdemokraten im Gemeinderat und Samtgemeinderat fortzusetzen\u201c, forderte der Ortsvereinsvorsitzende die Mitglieder auf, sich aufzustellen und interessierte B\u00fcrgerinnen und B\u00fcrger aus S\u00f6gel anzusprechen. <br> Als sehr gutes Zeichen wertete Lars Bollmann, dass man in der SPD in den letzten Monaten wieder vermehrt Eintritte verzeichnen konnte. Mit Robert Jipa konnte ein neues und engagiertes Mitglied w\u00e4hrend der Mitgliederversammlung aufgenommen werden. \u201eDas freut uns sehr, denn wir m\u00fcssen auch weiterhin j\u00fcnger werden\u201c, erkl\u00e4rte Lars Bollmann zum Ende der Sitzung. <br> <br> Text\/Foto: Anno Immenga<\/p>\n\n\n\n<figure class=\"wp-block-image size-large\"><img loading=\"lazy\" decoding=\"async\" width=\"480\" height=\"640\" src=\"https:\/\/www.forum-soegel.de\/information\/wp-content\/uploads\/2019\/11\/SPD-S\u00f6gel-zeigt-sich-gut-ger\u00fcstet-f\u00fcr-die-Zukunft-rotated.jpeg\" alt=\"\" class=\"wp-image-27766\" srcset=\"https:\/\/www.forum-soegel.de\/information\/wp-content\/uploads\/2019\/11\/SPD-S\u00f6gel-zeigt-sich-gut-ger\u00fcstet-f\u00fcr-die-Zukunft-rotated.jpeg 480w, https:\/\/www.forum-soegel.de\/information\/wp-content\/uploads\/2019\/11\/SPD-S\u00f6gel-zeigt-sich-gut-ger\u00fcstet-f\u00fcr-die-Zukunft-225x300.jpeg 225w\" sizes=\"auto, (max-width: 480px) 100vw, 480px\" \/><figcaption>Der SPD Ortsvereinsvorsitzende Lars Bollmann freute sich, Robert Jipa in die SPD S\u00f6gel aufnehmen zu k\u00f6nnen. <br> <br> <\/figcaption><\/figure>\n","protected":false},"excerpt":{"rendered":"S\u00f6gel &#8211; Auf der letzten Mitgliederversammlung des SPD Ortsvereins S\u00f6gel zeigten sich die Mitglieder optimistisch, so konnte ein junges Mitglied in die Partei aufgenommen werden. \u201eEs sind st\u00fcrmische Zeiten f\u00fcr die Parteien &#8211; insbesondere f\u00fcr unsere SPD!\u201c Mit diesen Worten er\u00f6ffnete Lars Bollmann, Vorsitzender des Ortsvereins S\u00f6gel, die Mitgliederversammlung im Hotel Clemenswerther Hof. Vor Ort [&hellip;]\n","protected":false},"author":2,"featured_media":0,"comment_status":"closed","ping_status":"closed","sticky":false,"template":"","format":"standard","meta":{"ngg_post_thumbnail":0,"footnotes":""},"categories":[3],"tags":[],"class_list":["post-27765","post","type-post","status-publish","format-standard","hentry","category-aktuelles-aus-der-region"],"_links":{"self":[{"href":"https:\/\/www.forum-soegel.de\/information\/wp-json\/wp\/v2\/posts\/27765","targetHints":{"allow":["GET"]}}],"collection":[{"href":"https:\/\/www.forum-soegel.de\/information\/wp-json\/wp\/v2\/posts"}],"about":[{"href":"https:\/\/www.forum-soegel.de\/information\/wp-json\/wp\/v2\/types\/post"}],"author":[{"embeddable":true,"href":"https:\/\/www.forum-soegel.de\/information\/wp-json\/wp\/v2\/users\/2"}],"replies":[{"embeddable":true,"href":"https:\/\/www.forum-soegel.de\/information\/wp-json\/wp\/v2\/comments?post=27765"}],"version-history":[{"count":1,"href":"https:\/\/www.forum-soegel.de\/information\/wp-json\/wp\/v2\/posts\/27765\/revisions"}],"predecessor-version":[{"id":27767,"href":"https:\/\/www.forum-soegel.de\/information\/wp-json\/wp\/v2\/posts\/27765\/revisions\/27767"}],"wp:attachment":[{"href":"https:\/\/www.forum-soegel.de\/information\/wp-json\/wp\/v2\/media?parent=27765"}],"wp:term":[{"taxonomy":"category","embeddable":true,"href":"https:\/\/www.forum-soegel.de\/information\/wp-json\/wp\/v2\/categories?post=27765"},{"taxonomy":"post_tag","embeddable":true,"href":"https:\/\/www.forum-soegel.de\/information\/wp-json\/wp\/v2\/tags?post=27765"}],"curies":[{"name":"wp","href":"https:\/\/api.w.org\/{rel}","templated":true}]}}