{"id":27763,"date":"2019-11-28T14:19:59","date_gmt":"2019-11-28T13:19:59","guid":{"rendered":"https:\/\/www.forum-soegel.de\/information\/?p=27763"},"modified":"2019-11-28T14:24:06","modified_gmt":"2019-11-28T13:24:06","slug":"soegelerinnen-erhalten-anregungen-auf-der-fair-trade-messe-in-koeln","status":"publish","type":"post","link":"https:\/\/www.forum-soegel.de\/information\/2019\/11\/soegelerinnen-erhalten-anregungen-auf-der-fair-trade-messe-in-koeln\/","title":{"rendered":"S\u00f6gelerinnen erhalten Anregungen auf der Fair Trade Messe in K\u00f6ln"},"content":{"rendered":"\n<p>S\u00f6gel &#8211; Die beiden S\u00f6gelerinnen Lisa Jellinghaus und Diana Schmitz nahmen im Rahmen ihrer Arbeit am H\u00fcmmling-Gymnsasium und im Arbeitskreis \u201eFairtrade Town S\u00f6gel\u201c an dem diesj\u00e4hrigen Fairtrade Kongress in K\u00f6ln teil.<br> Das H\u00fcmmling-Gymnasium in S\u00f6gel ist bereits seit zwei Jahren \u201eFairtrade School\u201c und setzt sich intensiv mit dem Thema des fairen Handelns in der globalen Welt auseinander. Die Gemeinde S\u00f6gel m\u00f6chte in den n\u00e4chsten Monaten als Fairtrade Town zertifiziert werden.<br> \u201eDas Motto des Kongresses \u201eFair begegnen \u2013 Fair gestalten. Kongress der Ideen und Taten\u201c, hat uns beide f\u00fcr unsere Arbeit in der Schule und im Ehrenamt sofort angesprochen\u201c, erl\u00e4uterte Diana Schmitz den Grund ihres Aufenthalts in der Domstadt. Nach Aussagen von Lisa Jellinghaus wurden sehr spannende Veranstaltungen rund um das Thema Fair Trade angeboten. Insbesondere die Workshops zu den aktuellen Trends im fairen Handel, der fairen \u00f6ffentlichen Beschaffung sowie den globalen und lokalen Herausforderungen hatten es den S\u00f6gelerinnen angetan. \u201eEs gibt viele interessante Anregungen f\u00fcr meine Arbeit im Bereich Fair Trade\u201c, zeigte sich Diana Schmitz zufrieden am Ende der Veranstaltung. Beide Lehrerinnen sind \u00fcberzeugt, dass S\u00f6gel gute Voraussetzungen hat, weiter den Fair Trade Gedanken auszubauen.<br> <br> Text\/Foto: Anno Immenga<\/p>\n\n\n\n<figure class=\"wp-block-image size-large\"><img loading=\"lazy\" decoding=\"async\" width=\"640\" height=\"480\" src=\"https:\/\/www.forum-soegel.de\/information\/wp-content\/uploads\/2019\/11\/S\u00f6gelerinnen-erhalten-Anregungen-auf-der-Fair-Trade-Messe-in-K\u00f6ln.jpeg\" alt=\"\" class=\"wp-image-27769\" srcset=\"https:\/\/www.forum-soegel.de\/information\/wp-content\/uploads\/2019\/11\/S\u00f6gelerinnen-erhalten-Anregungen-auf-der-Fair-Trade-Messe-in-K\u00f6ln.jpeg 640w, https:\/\/www.forum-soegel.de\/information\/wp-content\/uploads\/2019\/11\/S\u00f6gelerinnen-erhalten-Anregungen-auf-der-Fair-Trade-Messe-in-K\u00f6ln-300x225.jpeg 300w\" sizes=\"auto, (max-width: 640px) 100vw, 640px\" \/><\/figure>\n","protected":false},"excerpt":{"rendered":"S\u00f6gel &#8211; Die beiden S\u00f6gelerinnen Lisa Jellinghaus und Diana Schmitz nahmen im Rahmen ihrer Arbeit am H\u00fcmmling-Gymnsasium und im Arbeitskreis \u201eFairtrade Town S\u00f6gel\u201c an dem diesj\u00e4hrigen Fairtrade Kongress in K\u00f6ln teil. Das H\u00fcmmling-Gymnasium in S\u00f6gel ist bereits seit zwei Jahren \u201eFairtrade School\u201c und setzt sich intensiv mit dem Thema des fairen Handelns in der globalen [&hellip;]\n","protected":false},"author":2,"featured_media":0,"comment_status":"closed","ping_status":"closed","sticky":false,"template":"","format":"standard","meta":{"ngg_post_thumbnail":0,"footnotes":""},"categories":[3],"tags":[],"class_list":["post-27763","post","type-post","status-publish","format-standard","hentry","category-aktuelles-aus-der-region"],"_links":{"self":[{"href":"https:\/\/www.forum-soegel.de\/information\/wp-json\/wp\/v2\/posts\/27763","targetHints":{"allow":["GET"]}}],"collection":[{"href":"https:\/\/www.forum-soegel.de\/information\/wp-json\/wp\/v2\/posts"}],"about":[{"href":"https:\/\/www.forum-soegel.de\/information\/wp-json\/wp\/v2\/types\/post"}],"author":[{"embeddable":true,"href":"https:\/\/www.forum-soegel.de\/information\/wp-json\/wp\/v2\/users\/2"}],"replies":[{"embeddable":true,"href":"https:\/\/www.forum-soegel.de\/information\/wp-json\/wp\/v2\/comments?post=27763"}],"version-history":[{"count":2,"href":"https:\/\/www.forum-soegel.de\/information\/wp-json\/wp\/v2\/posts\/27763\/revisions"}],"predecessor-version":[{"id":27770,"href":"https:\/\/www.forum-soegel.de\/information\/wp-json\/wp\/v2\/posts\/27763\/revisions\/27770"}],"wp:attachment":[{"href":"https:\/\/www.forum-soegel.de\/information\/wp-json\/wp\/v2\/media?parent=27763"}],"wp:term":[{"taxonomy":"category","embeddable":true,"href":"https:\/\/www.forum-soegel.de\/information\/wp-json\/wp\/v2\/categories?post=27763"},{"taxonomy":"post_tag","embeddable":true,"href":"https:\/\/www.forum-soegel.de\/information\/wp-json\/wp\/v2\/tags?post=27763"}],"curies":[{"name":"wp","href":"https:\/\/api.w.org\/{rel}","templated":true}]}}