{"id":27760,"date":"2019-11-28T14:16:30","date_gmt":"2019-11-28T13:16:30","guid":{"rendered":"https:\/\/www.forum-soegel.de\/information\/?p=27760"},"modified":"2019-11-28T14:16:31","modified_gmt":"2019-11-28T13:16:31","slug":"seniorenfahrt-der-gemeinde-soegel-fuehrte-nach-emsbueren","status":"publish","type":"post","link":"https:\/\/www.forum-soegel.de\/information\/2019\/11\/seniorenfahrt-der-gemeinde-soegel-fuehrte-nach-emsbueren\/","title":{"rendered":"Seniorenfahrt der Gemeinde S\u00f6gel f\u00fchrte nach Emsb\u00fcren"},"content":{"rendered":"\n<p>S\u00f6gel\/Emsb\u00fcren &#8211; \u00dcber\n120 Seniorinnen und Senioren haben Anfang September an der diesj\u00e4hrigen\nSeniorenfahrt der Gemeinde S\u00f6gel teilgenommen. Die Fahrt f\u00fchrte mit drei\nReisebussen nach Emsb\u00fcren, wo f\u00fcr die Gruppe um B\u00fcrgermeisterin Irmgard Welling\neine F\u00fchrung durch den Emsflower Erlebnispark bei der Firma Emsflower Besucherzentrum\nGmbH organisiert worden war. Nach einer gemeinsamen Kaffeetafel bekamen die Reiseteilnehmer\neinen Einblick in den Schmetterlingsgarten, die Produktion sowie die Themenwelt\n\u201eZukunft\u201c, in der neue Blumenz\u00fcchtungen und innovative Technologien und\nErfindungen getestet werden, die m\u00f6glicherweise in naher Zukunft bei der Firma\nEmsflower fl\u00e4chendeckend zum Einsatz kommen werden. Im Anschluss an die F\u00fchrung\nhatte jeder Zeit zur freien Verf\u00fcgung und die M\u00f6glichkeit auf ein\nShoppingerlebnis in dem Gartencenter \u201eGartenwelt Emsb\u00fcren\u201c. Am Abend fand der\nTag bei einem gemeinsamen Abendessen mit musikalischer Begleitung durch die\nKolpingkapelle S\u00f6gel einen sch\u00f6nen Ausklang im Clemenswerther Hof. Das Foto\nzeigt einen Teil der Reisegruppe vor dem Gartencenter \u201eGartenwelt Emsb\u00fcren\u201c.<\/p>\n\n\n\n<p>Text: Ingrid Cloppenburg \/ Foto: Lina Breer, Samtgemeinde S\u00f6gel<\/p>\n\n\n\n<figure class=\"wp-block-image size-large\"><img loading=\"lazy\" decoding=\"async\" width=\"1024\" height=\"768\" src=\"https:\/\/www.forum-soegel.de\/information\/wp-content\/uploads\/2019\/11\/Seniorenfahrt-der-Gemeinde-S\u00f6gel-f\u00fchrte-nach-Emsb\u00fcren.jpg\" alt=\"\" class=\"wp-image-27761\" srcset=\"https:\/\/www.forum-soegel.de\/information\/wp-content\/uploads\/2019\/11\/Seniorenfahrt-der-Gemeinde-S\u00f6gel-f\u00fchrte-nach-Emsb\u00fcren.jpg 1024w, https:\/\/www.forum-soegel.de\/information\/wp-content\/uploads\/2019\/11\/Seniorenfahrt-der-Gemeinde-S\u00f6gel-f\u00fchrte-nach-Emsb\u00fcren-300x225.jpg 300w, https:\/\/www.forum-soegel.de\/information\/wp-content\/uploads\/2019\/11\/Seniorenfahrt-der-Gemeinde-S\u00f6gel-f\u00fchrte-nach-Emsb\u00fcren-768x576.jpg 768w\" sizes=\"auto, (max-width: 1024px) 100vw, 1024px\" \/><\/figure>\n","protected":false},"excerpt":{"rendered":"S\u00f6gel\/Emsb\u00fcren &#8211; \u00dcber 120 Seniorinnen und Senioren haben Anfang September an der diesj\u00e4hrigen Seniorenfahrt der Gemeinde S\u00f6gel teilgenommen. Die Fahrt f\u00fchrte mit drei Reisebussen nach Emsb\u00fcren, wo f\u00fcr die Gruppe um B\u00fcrgermeisterin Irmgard Welling eine F\u00fchrung durch den Emsflower Erlebnispark bei der Firma Emsflower Besucherzentrum GmbH organisiert worden war. Nach einer gemeinsamen Kaffeetafel bekamen die [&hellip;]\n","protected":false},"author":2,"featured_media":0,"comment_status":"closed","ping_status":"closed","sticky":false,"template":"","format":"standard","meta":{"ngg_post_thumbnail":0,"footnotes":""},"categories":[3],"tags":[],"class_list":["post-27760","post","type-post","status-publish","format-standard","hentry","category-aktuelles-aus-der-region"],"_links":{"self":[{"href":"https:\/\/www.forum-soegel.de\/information\/wp-json\/wp\/v2\/posts\/27760","targetHints":{"allow":["GET"]}}],"collection":[{"href":"https:\/\/www.forum-soegel.de\/information\/wp-json\/wp\/v2\/posts"}],"about":[{"href":"https:\/\/www.forum-soegel.de\/information\/wp-json\/wp\/v2\/types\/post"}],"author":[{"embeddable":true,"href":"https:\/\/www.forum-soegel.de\/information\/wp-json\/wp\/v2\/users\/2"}],"replies":[{"embeddable":true,"href":"https:\/\/www.forum-soegel.de\/information\/wp-json\/wp\/v2\/comments?post=27760"}],"version-history":[{"count":1,"href":"https:\/\/www.forum-soegel.de\/information\/wp-json\/wp\/v2\/posts\/27760\/revisions"}],"predecessor-version":[{"id":27762,"href":"https:\/\/www.forum-soegel.de\/information\/wp-json\/wp\/v2\/posts\/27760\/revisions\/27762"}],"wp:attachment":[{"href":"https:\/\/www.forum-soegel.de\/information\/wp-json\/wp\/v2\/media?parent=27760"}],"wp:term":[{"taxonomy":"category","embeddable":true,"href":"https:\/\/www.forum-soegel.de\/information\/wp-json\/wp\/v2\/categories?post=27760"},{"taxonomy":"post_tag","embeddable":true,"href":"https:\/\/www.forum-soegel.de\/information\/wp-json\/wp\/v2\/tags?post=27760"}],"curies":[{"name":"wp","href":"https:\/\/api.w.org\/{rel}","templated":true}]}}