{"id":27757,"date":"2019-11-28T14:15:15","date_gmt":"2019-11-28T13:15:15","guid":{"rendered":"https:\/\/www.forum-soegel.de\/information\/?p=27757"},"modified":"2019-11-28T14:15:16","modified_gmt":"2019-11-28T13:15:16","slug":"neue-ausstellung-im-soegeler-rathaus","status":"publish","type":"post","link":"https:\/\/www.forum-soegel.de\/information\/2019\/11\/neue-ausstellung-im-soegeler-rathaus\/","title":{"rendered":"Neue Ausstellung im S\u00f6geler Rathaus"},"content":{"rendered":"\n<p>S\u00f6gel &#8211; Barbara Backer, Vorsitzende des Vereins \u201eOrgantransplantierte\nOstfriesland\u201c, hat in S\u00f6gel im Rahmen einer Ausstellung im Rathaus \u00fcber das\nThema Organspende informiert.&nbsp; Backer\ntr\u00e4gt selbst ein Spenderorgan in sich und engagiert sich ehrenamtlich in der\nAufkl\u00e4rung zu diesem Bereich. Die Wahlostfriesin h\u00e4lt die Organspende f\u00fcr ein\nTabuthema in der deutschen Gesellschaft. Das Thema m\u00fcsse normal behandelt\nwerden, wie Krebs oder HIV-Infektionen es mittlerweile werden, so Backer.\nDeshalb h\u00e4lt sie es f\u00fcr wichtig, die Allgemeinheit f\u00fcr das Thema zu\nsensibilisieren, da es ein gesamtgesellschaftliches Thema sei, wie sie betont.<br>\n\u201eDeutschland ist in Sachen Organspende Entwicklungsland\u201c, fasst sie zusammen.\nSeit Jahren sei die Zahl der transplantierten Organe in Deutschland r\u00fcckl\u00e4ufig\nund auf eine Million Einwohner k\u00e4men hierzulande 9,7 Organspender. In Spanien,\neiner der Spitzenreiter, seien es dagegen 48 Organspender pro eine Million\nEinwohner.<br>\nZudem gibt es laut Backer in 24 EU-L\u00e4ndern die Widerspruchsl\u00f6sung, wonach man\nautomatisch Spender ist, wenn vorher nicht widersprochen wurde. Deutschland\nz\u00e4hle, trotz Mitgliedschaft bei Eurotransplant, nicht dazu. Dabei handele es\nsich um einen Verbund aus acht europ\u00e4ischen L\u00e4ndern zur Verteilung von\nOrganspenden auf wartende Patienten. Backer verwundere es, dass viele Menschen\nbereit w\u00e4ren, Organe zu spenden, jedoch nur wenige einen Spenderausweis\nbesitzen. Zur\u00fcckzuf\u00fchren sei dies auf eine mangelnde Aufkl\u00e4rung und eine\nseltene Feststellung des Hirntodes, die zur Transplantation notwendig w\u00e4re.<br>\nDagegen sei der Ablauf aufgrund vieler Voruntersuchungen sicher, und auch die\nchristlichen Kirchen spr\u00e4chen sich f\u00fcr die Organspende aus. Au\u00dferdem finde die\nEntnahme der Organe nicht sofort statt, sodass die Angeh\u00f6rigen genug Zeit zum\nVerabschieden h\u00e4tten. Jeder, mit Ausnahme von aktivem Krebs, Blutvergiftung,\nHIV und verstorbene Fr\u00fchchen, k\u00f6nne zum Spender werden. \u201eOrganspender ist man\nvon der Wiege bis zur Bahre\u201c, erkl\u00e4rt Backer. Die DSO hat nicht das Recht in\ndie Akten der Krankenh\u00e4user zu schauen und darf somit keine Kontrollfunktion\n\u00fcbernehmen. In Spanien dagegen sieht dies ganz anderes aus. Hier ist die\nOrganspende und alles was damit zu tun hat, in staatlicher Hand. Kontrollen\nsind einfach m\u00f6glich.<br>\nUm die Informationsl\u00fccke zu diesem Thema in der Gesellschaft zu schlie\u00dfen, war\nder S\u00f6geler Hospizverein unter der Leitung von Michael Strodt auf die\nSamtgemeinde zugegangen. \u201eDas Verh\u00e4ltnis von Hospiz und Organspende ist sehr\ninteressant\u201c, sagte Strodt.<br>\nSamtgemeindeb\u00fcrgermeister G\u00fcnter Wigbers zeigte sich erfreut, die Ausstellung\nin den R\u00e4umen des Rathauses aufstellen zu k\u00f6nnen. \u201eDas ist ein \u00f6ffentlicher\nRaum, wo jeder vorbeikommt\u201c, so Wigbers. Das Thema werde seiner Meinung nach\nviel zu nachl\u00e4ssig behandelt. An diesem Ort eine Ausstellung zu er\u00f6ffnen sei\ndaher geeignet, um die gesamte Bev\u00f6lkerung zu erreichen.<br>\nDie Ausstellung kann bis Dezember besucht werden.<br>\n<br>\n<\/p>\n\n\n\n<p>Text\/Foto: Ingrid Cloppenburg<\/p>\n\n\n\n<div class=\"wp-block-image\"><figure class=\"alignleft size-large\"><img loading=\"lazy\" decoding=\"async\" width=\"1024\" height=\"768\" src=\"https:\/\/www.forum-soegel.de\/information\/wp-content\/uploads\/2019\/11\/Neue-Ausstellung-im-S\u00f6geler-Rathaus.jpg\" alt=\"\" class=\"wp-image-27758\" srcset=\"https:\/\/www.forum-soegel.de\/information\/wp-content\/uploads\/2019\/11\/Neue-Ausstellung-im-S\u00f6geler-Rathaus.jpg 1024w, https:\/\/www.forum-soegel.de\/information\/wp-content\/uploads\/2019\/11\/Neue-Ausstellung-im-S\u00f6geler-Rathaus-300x225.jpg 300w, https:\/\/www.forum-soegel.de\/information\/wp-content\/uploads\/2019\/11\/Neue-Ausstellung-im-S\u00f6geler-Rathaus-768x576.jpg 768w\" sizes=\"auto, (max-width: 1024px) 100vw, 1024px\" \/><\/figure><\/div>\n","protected":false},"excerpt":{"rendered":"S\u00f6gel &#8211; Barbara Backer, Vorsitzende des Vereins \u201eOrgantransplantierte Ostfriesland\u201c, hat in S\u00f6gel im Rahmen einer Ausstellung im Rathaus \u00fcber das Thema Organspende informiert.&nbsp; Backer tr\u00e4gt selbst ein Spenderorgan in sich und engagiert sich ehrenamtlich in der Aufkl\u00e4rung zu diesem Bereich. Die Wahlostfriesin h\u00e4lt die Organspende f\u00fcr ein Tabuthema in der deutschen Gesellschaft. Das Thema m\u00fcsse [&hellip;]\n","protected":false},"author":2,"featured_media":0,"comment_status":"closed","ping_status":"closed","sticky":false,"template":"","format":"standard","meta":{"ngg_post_thumbnail":0,"footnotes":""},"categories":[3],"tags":[],"class_list":["post-27757","post","type-post","status-publish","format-standard","hentry","category-aktuelles-aus-der-region"],"_links":{"self":[{"href":"https:\/\/www.forum-soegel.de\/information\/wp-json\/wp\/v2\/posts\/27757","targetHints":{"allow":["GET"]}}],"collection":[{"href":"https:\/\/www.forum-soegel.de\/information\/wp-json\/wp\/v2\/posts"}],"about":[{"href":"https:\/\/www.forum-soegel.de\/information\/wp-json\/wp\/v2\/types\/post"}],"author":[{"embeddable":true,"href":"https:\/\/www.forum-soegel.de\/information\/wp-json\/wp\/v2\/users\/2"}],"replies":[{"embeddable":true,"href":"https:\/\/www.forum-soegel.de\/information\/wp-json\/wp\/v2\/comments?post=27757"}],"version-history":[{"count":1,"href":"https:\/\/www.forum-soegel.de\/information\/wp-json\/wp\/v2\/posts\/27757\/revisions"}],"predecessor-version":[{"id":27759,"href":"https:\/\/www.forum-soegel.de\/information\/wp-json\/wp\/v2\/posts\/27757\/revisions\/27759"}],"wp:attachment":[{"href":"https:\/\/www.forum-soegel.de\/information\/wp-json\/wp\/v2\/media?parent=27757"}],"wp:term":[{"taxonomy":"category","embeddable":true,"href":"https:\/\/www.forum-soegel.de\/information\/wp-json\/wp\/v2\/categories?post=27757"},{"taxonomy":"post_tag","embeddable":true,"href":"https:\/\/www.forum-soegel.de\/information\/wp-json\/wp\/v2\/tags?post=27757"}],"curies":[{"name":"wp","href":"https:\/\/api.w.org\/{rel}","templated":true}]}}