{"id":27754,"date":"2019-11-28T14:13:32","date_gmt":"2019-11-28T13:13:32","guid":{"rendered":"https:\/\/www.forum-soegel.de\/information\/?p=27754"},"modified":"2019-11-28T14:13:33","modified_gmt":"2019-11-28T13:13:33","slug":"landschaftsaquarelle-im-soegeler-rathaus-ausgestellt","status":"publish","type":"post","link":"https:\/\/www.forum-soegel.de\/information\/2019\/11\/landschaftsaquarelle-im-soegeler-rathaus-ausgestellt\/","title":{"rendered":"Landschaftsaquarelle im S\u00f6geler Rathaus ausgestellt"},"content":{"rendered":"\n<p>S\u00f6gel &#8211; Die Arbeiten des K\u00fcnstlers Dr. Albrecht M\u00fcller\nzieren aktuell unter dem Titel \u201eLandschaftsaquarelle\u201c den Ludmillenhof des\nS\u00f6geler Rathauses.<br>\n\u201eDr. Albrecht M\u00fcller zeigt nicht nur die hervorragende und beeindruckende\nLandschaft des H\u00fcmmlings und des Emslandes sondern war f\u00fcr seine Werke auch\ninternational unterwegs\u201c, begr\u00fc\u00dfte der Erste Samtgemeinderat Hans Nowak die\nG\u00e4ste der Ausstellungser\u00f6ffnung. M\u00fcller zeigt unter anderem Wald- und\nMoorlandschaften aus der Region, D\u00fcnenlandschaften der Insel R\u00fcgen oder\ndetailreiche Bilder wie ein altes Haus in Kroatien. \u201eAlle ausgestellten\nArbeiten sind mit Aquarellfarben und Mischtechniken aus Tusche und Pastellfarben\ngezeichnet\u201c, berichtete der K\u00fcnstler. Die Aquarellmalerei biete aus seiner\nSicht viele positive Aspekte, bed\u00fcrfe jedoch auch eine gute Planung:\n\u201eAquarellfarben lassen sich nicht korrigieren. Daher ist diese Technik der\nMalerei besonders spannend, da die Farbe nach dem Auftragen auf das Papier von\nselbst arbeitet und bei jedem Bild immer ein \u00dcberraschungseffekt dabei ist.\u201c Die\nMotive seiner Kunstst\u00fccke definieren sich laut M\u00fcller vor allem durch grafische\nAspekte, saubere und realistische Technik sowie durch eine handwerklich\nfundierte Gestaltung. \u201eBesonders inspiriert hat mich die Landschaft des\nEmslandes, in der durch genaues Hinschauen an jeder Ecke tolle Motive zu finden\nsind\u201c, sagte M\u00fcller, der selbst in Esterwegen lebt. <br>\nDer 1954 in Siegen geborene K\u00fcnstler hat nach seiner Ausbildung zum\nBankkaufmann ein Studium der Humanmedizin an der Universit\u00e4t D\u00fcsseldorf\nabsolviert und war nach der Ausbildung zum Internisten langj\u00e4hrig als Oberarzt\nim Krankenhaus in L\u00f6ningen t\u00e4tig. Erst der Kontakt zu Kunststudenten aus dem\nFachbereich Grafik und Design weckte sein Interesse am Zeichnen und Malen.\nDaraufhin nahm M\u00fcller an ersten Kunstkursen teil. In den letzten Jahren vor\nseinem Ruhestand im Jahr 2014 intensivierte der Maler seine k\u00fcnstlerischen\nAktivit\u00e4ten und widmet sich seitdem \u00fcber den Besuch verschiedener\nKunstakademien den Schwerpunkten Aquarellmalerei und Portraitzeichnen. Die Landschaftsaquarelle\nsind noch bis zum 26. November im Ludmillenhof zu sehen.<\/p>\n\n\n\n<p>Text\/Foto: Marina Heller<\/p>\n\n\n\n<div class=\"wp-block-image\"><figure class=\"alignleft size-large\"><img loading=\"lazy\" decoding=\"async\" width=\"1024\" height=\"683\" src=\"https:\/\/www.forum-soegel.de\/information\/wp-content\/uploads\/2019\/11\/Landschaftsaquarelle-im-S\u00f6geler-Rathaus-ausgestellt.jpg\" alt=\"\" class=\"wp-image-27755\" srcset=\"https:\/\/www.forum-soegel.de\/information\/wp-content\/uploads\/2019\/11\/Landschaftsaquarelle-im-S\u00f6geler-Rathaus-ausgestellt.jpg 1024w, https:\/\/www.forum-soegel.de\/information\/wp-content\/uploads\/2019\/11\/Landschaftsaquarelle-im-S\u00f6geler-Rathaus-ausgestellt-300x200.jpg 300w, https:\/\/www.forum-soegel.de\/information\/wp-content\/uploads\/2019\/11\/Landschaftsaquarelle-im-S\u00f6geler-Rathaus-ausgestellt-768x512.jpg 768w\" sizes=\"auto, (max-width: 1024px) 100vw, 1024px\" \/><figcaption><br> Hans Nowak (v.l.), Ingrid Cloppenburg und Dr. Albrecht M\u00fcller er\u00f6ffneten die Ausstellung \u201eLandschaftsaquarelle\u201c im S\u00f6geler Rathaus.  <\/figcaption><\/figure><\/div>\n","protected":false},"excerpt":{"rendered":"S\u00f6gel &#8211; Die Arbeiten des K\u00fcnstlers Dr. Albrecht M\u00fcller zieren aktuell unter dem Titel \u201eLandschaftsaquarelle\u201c den Ludmillenhof des S\u00f6geler Rathauses. \u201eDr. Albrecht M\u00fcller zeigt nicht nur die hervorragende und beeindruckende Landschaft des H\u00fcmmlings und des Emslandes sondern war f\u00fcr seine Werke auch international unterwegs\u201c, begr\u00fc\u00dfte der Erste Samtgemeinderat Hans Nowak die G\u00e4ste der Ausstellungser\u00f6ffnung. M\u00fcller [&hellip;]\n","protected":false},"author":2,"featured_media":0,"comment_status":"closed","ping_status":"closed","sticky":false,"template":"","format":"standard","meta":{"ngg_post_thumbnail":0,"footnotes":""},"categories":[3],"tags":[],"class_list":["post-27754","post","type-post","status-publish","format-standard","hentry","category-aktuelles-aus-der-region"],"_links":{"self":[{"href":"https:\/\/www.forum-soegel.de\/information\/wp-json\/wp\/v2\/posts\/27754","targetHints":{"allow":["GET"]}}],"collection":[{"href":"https:\/\/www.forum-soegel.de\/information\/wp-json\/wp\/v2\/posts"}],"about":[{"href":"https:\/\/www.forum-soegel.de\/information\/wp-json\/wp\/v2\/types\/post"}],"author":[{"embeddable":true,"href":"https:\/\/www.forum-soegel.de\/information\/wp-json\/wp\/v2\/users\/2"}],"replies":[{"embeddable":true,"href":"https:\/\/www.forum-soegel.de\/information\/wp-json\/wp\/v2\/comments?post=27754"}],"version-history":[{"count":1,"href":"https:\/\/www.forum-soegel.de\/information\/wp-json\/wp\/v2\/posts\/27754\/revisions"}],"predecessor-version":[{"id":27756,"href":"https:\/\/www.forum-soegel.de\/information\/wp-json\/wp\/v2\/posts\/27754\/revisions\/27756"}],"wp:attachment":[{"href":"https:\/\/www.forum-soegel.de\/information\/wp-json\/wp\/v2\/media?parent=27754"}],"wp:term":[{"taxonomy":"category","embeddable":true,"href":"https:\/\/www.forum-soegel.de\/information\/wp-json\/wp\/v2\/categories?post=27754"},{"taxonomy":"post_tag","embeddable":true,"href":"https:\/\/www.forum-soegel.de\/information\/wp-json\/wp\/v2\/tags?post=27754"}],"curies":[{"name":"wp","href":"https:\/\/api.w.org\/{rel}","templated":true}]}}