{"id":27747,"date":"2019-11-28T14:01:20","date_gmt":"2019-11-28T13:01:20","guid":{"rendered":"https:\/\/www.forum-soegel.de\/information\/?p=27747"},"modified":"2019-11-28T14:03:43","modified_gmt":"2019-11-28T13:03:43","slug":"kann-sich-soegel-ein-hallenbad-leisten","status":"publish","type":"post","link":"https:\/\/www.forum-soegel.de\/information\/2019\/11\/kann-sich-soegel-ein-hallenbad-leisten\/","title":{"rendered":"Kann sich S\u00f6gel ein Hallenbad leisten?"},"content":{"rendered":"\n<p><strong>S\u00f6gel &#8211; Die\nSPD S\u00f6gel f\u00fchrte im Hotel Clemenswerther Hof eine Veranstaltung zur M\u00f6glichkeit\nder Errichtung eines Hallenbades in S\u00f6gel durch. \u201eEine angeregte Diskussion\n\u00fcber ein spannendes Thema\u201c, so zeigte sich Anno Immenga,\nSPD-Fraktionsvorsitzender im Gemeinderat S\u00f6gel, am Ende der Veranstaltung\nzufrieden. Die Idee eines kombinierten Hallen- und Freibades f\u00fcr S\u00f6gel bewegt\nnach Ansicht Immengas nicht nur die Fraktion, sondern auch die Bev\u00f6lkerung in\nS\u00f6gel.<\/strong><strong><br>\nDen G\u00e4sten wurde durch den\nFraktionsvorsitzenden der aktuelle Sachstand zur Freibadsanierung aufgezeigt\nund M\u00f6glichkeiten f\u00fcr ein kombiniertes Hallen- und Freibad vorgestellt.\nUnterst\u00fctzt wurde Immenga von Jan Averdung, dem ehemaligen Prokuristen der Fa.\nAqua Parks, die u.a. das Hallen- und Freibad in Papenburg betreibt. Im\nAnschluss folgte eine angeregte Diskussion \u00fcber das F\u00fcr und Wider der\nErrichtung eines Hallenbades. Einigkeit herrschte, dass eine Abw\u00e4gung der\nAlternativen, Freibad oder Kombibad, gr\u00fcndlich zu erfolgen habe. Entt\u00e4uscht\nzeigten sich die Veranstaltungsteilnehmer von der relativ geringen Resonanz.<br>\n\u201eWenn die Finanzierung sicher\ndarstellbar ist, ist ein Hallenbad eine gute Gelegenheit, S\u00f6gel f\u00fcr S\u00f6geler und\nG\u00e4ste attraktiver zu machen\u201c, res\u00fcmiert Frank Kla\u00df, Mitglied der SPD Fraktion,\nabschlie\u00dfend den Tenor des Abends.<\/strong><strong><\/strong><\/p>\n\n\n\n<p><strong>Text\/Foto: Frank Kla\u00df<\/strong><\/p>\n\n\n\n<figure class=\"wp-block-image size-large\"><img loading=\"lazy\" decoding=\"async\" width=\"1024\" height=\"575\" src=\"https:\/\/www.forum-soegel.de\/information\/wp-content\/uploads\/2019\/11\/Kann-sich-S\u00f6gel-ein-Hallenbad-leisten-2.jpg\" alt=\"\" class=\"wp-image-27750\" srcset=\"https:\/\/www.forum-soegel.de\/information\/wp-content\/uploads\/2019\/11\/Kann-sich-S\u00f6gel-ein-Hallenbad-leisten-2.jpg 1024w, https:\/\/www.forum-soegel.de\/information\/wp-content\/uploads\/2019\/11\/Kann-sich-S\u00f6gel-ein-Hallenbad-leisten-2-300x168.jpg 300w, https:\/\/www.forum-soegel.de\/information\/wp-content\/uploads\/2019\/11\/Kann-sich-S\u00f6gel-ein-Hallenbad-leisten-2-768x431.jpg 768w\" sizes=\"auto, (max-width: 1024px) 100vw, 1024px\" \/><figcaption> <strong>W\u00e4hrend der Veranstaltung fand eine angeregte Diskussion unter den anwesenden B\u00fcrgerinnen und B\u00fcrgern zu den M\u00f6glichkeiten der Errichtung eines Hallenbades in S\u00f6gel statt.<br> <br> <\/strong> <\/figcaption><\/figure>\n\n\n\n<figure class=\"wp-block-image size-large\"><img loading=\"lazy\" decoding=\"async\" width=\"643\" height=\"768\" src=\"https:\/\/www.forum-soegel.de\/information\/wp-content\/uploads\/2019\/11\/Kann-sich-S\u00f6gel-ein-Hallenbad-leisten-1.jpg\" alt=\"\" class=\"wp-image-27749\" srcset=\"https:\/\/www.forum-soegel.de\/information\/wp-content\/uploads\/2019\/11\/Kann-sich-S\u00f6gel-ein-Hallenbad-leisten-1.jpg 643w, https:\/\/www.forum-soegel.de\/information\/wp-content\/uploads\/2019\/11\/Kann-sich-S\u00f6gel-ein-Hallenbad-leisten-1-251x300.jpg 251w\" sizes=\"auto, (max-width: 643px) 100vw, 643px\" \/><\/figure>\n","protected":false},"excerpt":{"rendered":"S\u00f6gel &#8211; Die SPD S\u00f6gel f\u00fchrte im Hotel Clemenswerther Hof eine Veranstaltung zur M\u00f6glichkeit der Errichtung eines Hallenbades in S\u00f6gel durch. \u201eEine angeregte Diskussion \u00fcber ein spannendes Thema\u201c, so zeigte sich Anno Immenga, SPD-Fraktionsvorsitzender im Gemeinderat S\u00f6gel, am Ende der Veranstaltung zufrieden. Die Idee eines kombinierten Hallen- und Freibades f\u00fcr S\u00f6gel bewegt nach Ansicht Immengas [&hellip;]\n","protected":false},"author":2,"featured_media":0,"comment_status":"closed","ping_status":"closed","sticky":false,"template":"","format":"standard","meta":{"ngg_post_thumbnail":0,"footnotes":""},"categories":[3],"tags":[],"class_list":["post-27747","post","type-post","status-publish","format-standard","hentry","category-aktuelles-aus-der-region"],"_links":{"self":[{"href":"https:\/\/www.forum-soegel.de\/information\/wp-json\/wp\/v2\/posts\/27747","targetHints":{"allow":["GET"]}}],"collection":[{"href":"https:\/\/www.forum-soegel.de\/information\/wp-json\/wp\/v2\/posts"}],"about":[{"href":"https:\/\/www.forum-soegel.de\/information\/wp-json\/wp\/v2\/types\/post"}],"author":[{"embeddable":true,"href":"https:\/\/www.forum-soegel.de\/information\/wp-json\/wp\/v2\/users\/2"}],"replies":[{"embeddable":true,"href":"https:\/\/www.forum-soegel.de\/information\/wp-json\/wp\/v2\/comments?post=27747"}],"version-history":[{"count":2,"href":"https:\/\/www.forum-soegel.de\/information\/wp-json\/wp\/v2\/posts\/27747\/revisions"}],"predecessor-version":[{"id":27751,"href":"https:\/\/www.forum-soegel.de\/information\/wp-json\/wp\/v2\/posts\/27747\/revisions\/27751"}],"wp:attachment":[{"href":"https:\/\/www.forum-soegel.de\/information\/wp-json\/wp\/v2\/media?parent=27747"}],"wp:term":[{"taxonomy":"category","embeddable":true,"href":"https:\/\/www.forum-soegel.de\/information\/wp-json\/wp\/v2\/categories?post=27747"},{"taxonomy":"post_tag","embeddable":true,"href":"https:\/\/www.forum-soegel.de\/information\/wp-json\/wp\/v2\/tags?post=27747"}],"curies":[{"name":"wp","href":"https:\/\/api.w.org\/{rel}","templated":true}]}}