{"id":27741,"date":"2019-11-28T13:54:08","date_gmt":"2019-11-28T12:54:08","guid":{"rendered":"https:\/\/www.forum-soegel.de\/information\/?p=27741"},"modified":"2019-11-28T13:54:09","modified_gmt":"2019-11-28T12:54:09","slug":"das-ist-unsere-verrueckteste-ausgabe","status":"publish","type":"post","link":"https:\/\/www.forum-soegel.de\/information\/2019\/11\/das-ist-unsere-verrueckteste-ausgabe\/","title":{"rendered":"\u201eDas ist unsere verr\u00fcckteste Ausgabe\u2026.\u201c"},"content":{"rendered":"\n<p>Liebe\nLeserinnen und Leser,<\/p>\n\n\n\n<p>bei\nder Fertigstellung unseres Heftes kommt zuletzt immer ein wenig Hektik auf,\naber letztlich geling es dank tatkr\u00e4ftiger Unterst\u00fctzung aller Mitglieder der\nRedaktion, die \u201eInformationen f\u00fcr S\u00f6gel und Umgebung\u201c rechtzeitig auf den Weg\nzu bringen.<\/p>\n\n\n\n<p>\u201eDas\nist unsere verr\u00fcckteste Ausgabe\u201c, sagte unsere Koordinatorin Sandra Strauch zum\nvorliegenden Heft. Was war passiert:<\/p>\n\n\n\n<p>Aufgrund\neines massiven Hackerangriffes auf unser E-Mail-System wurden wir mit weiter\n\u00fcber 250.000 (!) R\u00fcckl\u00e4ufern fremder Mails \u201ezugem\u00fcllt\u201c. Damit war unser System,\nund somit unsere Arbeit, praktisch stillgelegt. Zun\u00e4chst musste diesen\nAngriffen eine Ende bereitete werden, was dann mit Hilfe unseres Betreuungsunternehmens\ngelang. Eine weitere schwierige Aufgabe war es dann, die Mengen an Mails zu l\u00f6schen\nund vor allem, die \u201eechten\u201c Mails an die Redaktion herauszufiltern. Mit\nerheblicher Kraftanstrengung ist es uns dann gelungen, unser E-Mail-System wieder\neinsatzbereit zu machen. Leider k\u00f6nnen wir nicht ausschlie\u00dfen, dass die eine\noder andere Mail unserer flei\u00dfigen Text- und Bildlieferanten untergegangen ist.\nWir hoffen, dass die Anzahl gering ist und bitten gegebenfalls um Verst\u00e4ndnis.<\/p>\n\n\n\n<p>Auf\nden Seiten 24 und 25 hat Martin Knipper von backslash-n die wichtigsten Regeln\nf\u00fcr mehr Sicherheit im Internet zusammengefasst. Wenn Sie diese Regeln\nbeachten, haben sie einen wichtigen Schritt zu Ihrer eigenen Sicherheit getan.<\/p>\n\n\n\n<p>Ihr\nRedaktionsteam<\/p>\n","protected":false},"excerpt":{"rendered":"Liebe Leserinnen und Leser, bei der Fertigstellung unseres Heftes kommt zuletzt immer ein wenig Hektik auf, aber letztlich geling es dank tatkr\u00e4ftiger Unterst\u00fctzung aller Mitglieder der Redaktion, die \u201eInformationen f\u00fcr S\u00f6gel und Umgebung\u201c rechtzeitig auf den Weg zu bringen. \u201eDas ist unsere verr\u00fcckteste Ausgabe\u201c, sagte unsere Koordinatorin Sandra Strauch zum vorliegenden Heft. Was war passiert: [&hellip;]\n","protected":false},"author":2,"featured_media":0,"comment_status":"closed","ping_status":"closed","sticky":false,"template":"","format":"standard","meta":{"ngg_post_thumbnail":0,"footnotes":""},"categories":[393],"tags":[],"class_list":["post-27741","post","type-post","status-publish","format-standard","hentry","category-vorwort"],"_links":{"self":[{"href":"https:\/\/www.forum-soegel.de\/information\/wp-json\/wp\/v2\/posts\/27741","targetHints":{"allow":["GET"]}}],"collection":[{"href":"https:\/\/www.forum-soegel.de\/information\/wp-json\/wp\/v2\/posts"}],"about":[{"href":"https:\/\/www.forum-soegel.de\/information\/wp-json\/wp\/v2\/types\/post"}],"author":[{"embeddable":true,"href":"https:\/\/www.forum-soegel.de\/information\/wp-json\/wp\/v2\/users\/2"}],"replies":[{"embeddable":true,"href":"https:\/\/www.forum-soegel.de\/information\/wp-json\/wp\/v2\/comments?post=27741"}],"version-history":[{"count":1,"href":"https:\/\/www.forum-soegel.de\/information\/wp-json\/wp\/v2\/posts\/27741\/revisions"}],"predecessor-version":[{"id":27742,"href":"https:\/\/www.forum-soegel.de\/information\/wp-json\/wp\/v2\/posts\/27741\/revisions\/27742"}],"wp:attachment":[{"href":"https:\/\/www.forum-soegel.de\/information\/wp-json\/wp\/v2\/media?parent=27741"}],"wp:term":[{"taxonomy":"category","embeddable":true,"href":"https:\/\/www.forum-soegel.de\/information\/wp-json\/wp\/v2\/categories?post=27741"},{"taxonomy":"post_tag","embeddable":true,"href":"https:\/\/www.forum-soegel.de\/information\/wp-json\/wp\/v2\/tags?post=27741"}],"curies":[{"name":"wp","href":"https:\/\/api.w.org\/{rel}","templated":true}]}}