{"id":2749,"date":"2010-08-02T10:27:44","date_gmt":"2010-08-02T08:27:44","guid":{"rendered":"https:\/\/www.forum-soegel.de\/information\/?p=2749"},"modified":"2010-08-08T18:33:58","modified_gmt":"2010-08-08T16:33:58","slug":"neueroffnung-von-bucher-und-schreibwaren-lubs-in-sogel","status":"publish","type":"post","link":"https:\/\/www.forum-soegel.de\/information\/2010\/08\/neueroffnung-von-bucher-und-schreibwaren-lubs-in-sogel\/","title":{"rendered":"Neuer\u00f6ffnung von B\u00fccher und Schreibwaren L\u00fcbs in S\u00f6gel"},"content":{"rendered":"<p>Am Marktplatz im Herzen von S\u00f6gel er\u00f6ffnete Ende Juni ein neues Fachgesch\u00e4ft f\u00fcr B\u00fccher, Schreibwaren und Geschenke.\u00a0 Das gesamte Team um Inhaberin Claudia L\u00fcbs steht ihren kleinen und gro\u00dfen Kunden seit 2005 bereits in Werlte mit Rat und Tat rund um die Themen Schule, B\u00fcro sowie Lesen und Schenken zur Seite. Fachlich kompetente\u00a0 Beratung, freundlicher Service und h\u00f6chste Kundenorientierung geh\u00f6ren zu den St\u00e4rken des neuen und bestehenden Fachgesch\u00e4ftes, so die Inhaberin. Von lehrreichen Kinderb\u00fcchern, \u00fcber das gesamte Spektrum an Unterhaltungslekt\u00fcre bis hin zu neuesten Bestsellern sei immer eine riesige Auswahl\u00a0 an Literatur vor Ort verf\u00fcgbar.<\/p>\n<p>\u00a0Zudem k\u00f6nnen (fast) alle Buchtitel direkt im Gesch\u00e4ft oder online innerhalb von 24 Stunden beschafft werden. F\u00fcr Kunden des t\u00e4glichen B\u00fcrobedarfs halte das Unternehmen eine gro\u00dfe Auswahl an Artikeln bereit.<\/p>\n<p>Gesch\u00e4ftskunden k\u00f6nnen die M\u00f6glichkeit der bequemen Bestellung aus dem hauseigenen Katalog nutzen, so L\u00fcbs. Besonderen Wert werde auf die fachlich kompetente Beratung im gesamten Schulsortiment gelegt. Von der R\u00fcckenberatung zur geeigneten Schultasche, \u00fcber Tests mit neuen Schreibger\u00e4ten und das Angebot der gesamten Produktpalette des Schulbedarfs gebe das freundliche Team zudem Ratschl\u00e4ge zu jeder Problematik. F\u00fcr jeden Anlass biete sich das passende Geschenk. Bastelbedarf, Christliche Kunst und eine gro\u00dfe Auswahl an Taschen runden das Sortiment ab.<\/p>\n<p>Text\/Foto: IC<\/p>\n<p><a href=\"https:\/\/www.forum-soegel.de\/information\/wp-content\/uploads\/2010\/07\/L\u00fcbs-Neuer\u00f6ffnung1.jpg\"><img loading=\"lazy\" decoding=\"async\" class=\"alignnone size-medium wp-image-2751\" title=\"L\u00fcbs Neuer\u00f6ffnung\" src=\"https:\/\/www.forum-soegel.de\/information\/wp-content\/uploads\/2010\/07\/L\u00fcbs-Neuer\u00f6ffnung1-300x200.jpg\" alt=\"\" width=\"300\" height=\"200\" srcset=\"https:\/\/www.forum-soegel.de\/information\/wp-content\/uploads\/2010\/07\/L\u00fcbs-Neuer\u00f6ffnung1-300x200.jpg 300w, https:\/\/www.forum-soegel.de\/information\/wp-content\/uploads\/2010\/07\/L\u00fcbs-Neuer\u00f6ffnung1.jpg 1024w\" sizes=\"auto, (max-width: 300px) 100vw, 300px\" \/><\/a><\/p>\n","protected":false},"excerpt":{"rendered":"Am Marktplatz im Herzen von S\u00f6gel er\u00f6ffnete Ende Juni ein neues Fachgesch\u00e4ft f\u00fcr B\u00fccher, Schreibwaren und Geschenke.\u00a0 Das gesamte Team um Inhaberin Claudia L\u00fcbs steht ihren kleinen und gro\u00dfen Kunden seit 2005 bereits in Werlte mit Rat und Tat rund um die Themen Schule, B\u00fcro sowie Lesen und Schenken zur Seite. Fachlich kompetente\u00a0 Beratung, freundlicher [&hellip;]\n","protected":false},"author":2,"featured_media":0,"comment_status":"closed","ping_status":"closed","sticky":false,"template":"","format":"standard","meta":{"ngg_post_thumbnail":0,"footnotes":""},"categories":[4],"tags":[],"class_list":["post-2749","post","type-post","status-publish","format-standard","hentry","category-aus-der-geschaftswelt"],"_links":{"self":[{"href":"https:\/\/www.forum-soegel.de\/information\/wp-json\/wp\/v2\/posts\/2749","targetHints":{"allow":["GET"]}}],"collection":[{"href":"https:\/\/www.forum-soegel.de\/information\/wp-json\/wp\/v2\/posts"}],"about":[{"href":"https:\/\/www.forum-soegel.de\/information\/wp-json\/wp\/v2\/types\/post"}],"author":[{"embeddable":true,"href":"https:\/\/www.forum-soegel.de\/information\/wp-json\/wp\/v2\/users\/2"}],"replies":[{"embeddable":true,"href":"https:\/\/www.forum-soegel.de\/information\/wp-json\/wp\/v2\/comments?post=2749"}],"version-history":[{"count":6,"href":"https:\/\/www.forum-soegel.de\/information\/wp-json\/wp\/v2\/posts\/2749\/revisions"}],"predecessor-version":[{"id":2977,"href":"https:\/\/www.forum-soegel.de\/information\/wp-json\/wp\/v2\/posts\/2749\/revisions\/2977"}],"wp:attachment":[{"href":"https:\/\/www.forum-soegel.de\/information\/wp-json\/wp\/v2\/media?parent=2749"}],"wp:term":[{"taxonomy":"category","embeddable":true,"href":"https:\/\/www.forum-soegel.de\/information\/wp-json\/wp\/v2\/categories?post=2749"},{"taxonomy":"post_tag","embeddable":true,"href":"https:\/\/www.forum-soegel.de\/information\/wp-json\/wp\/v2\/tags?post=2749"}],"curies":[{"name":"wp","href":"https:\/\/api.w.org\/{rel}","templated":true}]}}