{"id":27487,"date":"2019-09-01T20:41:37","date_gmt":"2019-09-01T18:41:37","guid":{"rendered":"https:\/\/www.forum-soegel.de\/information\/?p=27487"},"modified":"2019-09-25T20:43:03","modified_gmt":"2019-09-25T18:43:03","slug":"strassenbeleuchtung-soegel-hat-gut-60-prozent-auf-led-umgeruestet","status":"publish","type":"post","link":"https:\/\/www.forum-soegel.de\/information\/2019\/09\/strassenbeleuchtung-soegel-hat-gut-60-prozent-auf-led-umgeruestet\/","title":{"rendered":"Stra\u00dfenbeleuchtung: S\u00f6gel hat gut  60 Prozent auf LED umger\u00fcstet"},"content":{"rendered":"<p><strong>Seit 2012 kontinuierlich F\u00f6rderprogramme genutzt \u2013 150.000 Euro f\u00fcr Klimaschutz<\/strong><\/p>\n<p>S\u00f6gel: Seit dem Jahr 2012 r\u00fcstet die Gemeinde S\u00f6gel die Stra\u00dfenbeleuchtung Schritt f\u00fcr Schritt auf energiesparende LED-Lampen um. In wenigen Jahren soll die Umstellung im kompletten Gemeindegebiet abgeschlossen sein. Mehr als 60 Prozent der Beleuchtungsk\u00f6rper seien mittlerweile umger\u00fcstet.<\/p>\n<p>Aktuell bekommt die Gemeinde aus der nationalen Klimaschutzinitiative des Bundesumweltministeriums einen weiteren Zuschuss in H\u00f6he von knapp 7.500 Euro. Damit wurden im laufenden Jahr insgesamt 71 Lichtpunkte in den s\u00fcd\u00f6stlichen Siedlungsgebieten ausgetauscht. Die gesamte Ma\u00dfnahme kostete rund 37.000 \u20ac. F\u00fcr die Umstellung auf LED-Lampen im Bereich Eickel, Schlossallee und Schlaunallee soll ein weiterer F\u00f6rderantrag gestellt werden. Bei einem geplanten Investitionsvolumen von rund 32.000 Euro erwartet die Gemeinde einen Zuschuss von rund 7.000 Euro.<\/p>\n<p>\u201eMit der Umr\u00fcstung der Lampen auf dem so genannten S\u00fcdend der Gemeinde S\u00f6gel erreichen wir eine Energieeinsparung von rund 73 Prozent\u201c, sagte Gemeindedirektor G\u00fcnter Wigbers; damit einher gehe eine weitere Reduzierung von Treibhausgasen im Umfang von rund 120 Tonnen Kohlenstoffdioxid. \u201eWir sind uns im Gemeinderat einig, dass wir die im Klimaschutzkonzept der Energieregion \u201eNaturstandpunkt H\u00fcmmling\u201c vereinbarten Ziele kontinuierlich weiterverfolgen wollen\u201c, so Wigbers.<\/p>\n<p>Begonnen wurde in S\u00f6gel vor Jahren mit einer Testphase im Bereich des Industriegebietes \u201eP\u00fcttkesberge\u201c, wo die Stra\u00dfenbeleuchtung wegen der Arbeitszeiten im Schichtbetrieb die ganze Nacht durchleuchtet. Danach folgte das Siedlungsgebiet \u201eH\u00e4rte K\u00e4mpe\u201c mit 128 Lampen, deren Leuchtmittel ausgetauscht wurden. Schon damals zeigten die Verbrauchsdatenerhebungen deutliche Ersparnisse auf.<\/p>\n<p>Insgesamt wurden im Laufe der vergangenen Jahre 333 Lampen umger\u00fcstet. Die bescheinigte Reduzierung von Treibhausgasen liegt bei insgesamt 406 Tonnen Kohlenstoffdioxid. Sukzessive sollen weitere Gebiete erfasst werden.<\/p>\n<p>Als n\u00e4chstes Projekt hat sich der Gemeinderat auf die Umr\u00fcstung in den Stra\u00dfen \u201eIm Eickel\u201c sowie in der \u201eSchlaun- und Schlossallee\u201c verst\u00e4ndigt. Dort sollen 65 weitere Lampenk\u00f6pfe mit einem Investitionsvolumen von rund 32.000 Euro ausgetauscht werden. \u201eNach Abschluss dieser Ma\u00dfnahme werden wir rund 150.000 Euro in eine umweltschonende Stra\u00dfenbeleuchtung investiert haben. In den n\u00e4chsten Jahren sind voraussichtlich weitere rund 120.000 Euro notwendig, um die Stra\u00dfenbeleuchtung f\u00fcr S\u00f6gel in ihrer Gesamtheit auf LED umzustellen\u201c, so Wigbers.<\/p>\n<p>Text: Ingrid Cloppenburg\u00a0 Grafik: Gemeinde S\u00f6gel<\/p>\n<div id=\"attachment_27488\" style=\"width: 310px\" class=\"wp-caption alignnone\"><a href=\"https:\/\/www.forum-soegel.de\/information\/wp-content\/uploads\/2019\/09\/Stra\u00dfenbeleuchtung-Umstellung-auf-LED-Stand-Juli-2019.jpg\"><img loading=\"lazy\" decoding=\"async\" aria-describedby=\"caption-attachment-27488\" class=\"size-medium wp-image-27488\" src=\"https:\/\/www.forum-soegel.de\/information\/wp-content\/uploads\/2019\/09\/Stra\u00dfenbeleuchtung-Umstellung-auf-LED-Stand-Juli-2019-300x169.jpg\" alt=\"\" width=\"300\" height=\"169\" srcset=\"https:\/\/www.forum-soegel.de\/information\/wp-content\/uploads\/2019\/09\/Stra\u00dfenbeleuchtung-Umstellung-auf-LED-Stand-Juli-2019-300x169.jpg 300w, https:\/\/www.forum-soegel.de\/information\/wp-content\/uploads\/2019\/09\/Stra\u00dfenbeleuchtung-Umstellung-auf-LED-Stand-Juli-2019-768x432.jpg 768w, https:\/\/www.forum-soegel.de\/information\/wp-content\/uploads\/2019\/09\/Stra\u00dfenbeleuchtung-Umstellung-auf-LED-Stand-Juli-2019.jpg 1024w\" sizes=\"auto, (max-width: 300px) 100vw, 300px\" \/><\/a><p id=\"caption-attachment-27488\" class=\"wp-caption-text\">Die Umstellung der Stra\u00dfenbeleuchtung auf LED-Technik ist in S\u00f6gel weit vorangeschritten. Der r\u00f6tlich hinterlegte Bereich ist umgestellt, weitere 120.000 Euro sind notwendig, um in den verbleibenden Stra\u00dfenz\u00fcgen umweltschonende Beleuchtungsk\u00f6rper zu installieren.<\/p><\/div>\n","protected":false},"excerpt":{"rendered":"Seit 2012 kontinuierlich F\u00f6rderprogramme genutzt \u2013 150.000 Euro f\u00fcr Klimaschutz S\u00f6gel: Seit dem Jahr 2012 r\u00fcstet die Gemeinde S\u00f6gel die Stra\u00dfenbeleuchtung Schritt f\u00fcr Schritt auf energiesparende LED-Lampen um. In wenigen Jahren soll die Umstellung im kompletten Gemeindegebiet abgeschlossen sein. Mehr als 60 Prozent der Beleuchtungsk\u00f6rper seien mittlerweile umger\u00fcstet. Aktuell bekommt die Gemeinde aus der nationalen [&hellip;]\n","protected":false},"author":2,"featured_media":0,"comment_status":"closed","ping_status":"closed","sticky":false,"template":"","format":"standard","meta":{"ngg_post_thumbnail":0,"footnotes":""},"categories":[10],"tags":[],"class_list":["post-27487","post","type-post","status-publish","format-standard","hentry","category-rat-und-verwaltung-informieren"],"_links":{"self":[{"href":"https:\/\/www.forum-soegel.de\/information\/wp-json\/wp\/v2\/posts\/27487","targetHints":{"allow":["GET"]}}],"collection":[{"href":"https:\/\/www.forum-soegel.de\/information\/wp-json\/wp\/v2\/posts"}],"about":[{"href":"https:\/\/www.forum-soegel.de\/information\/wp-json\/wp\/v2\/types\/post"}],"author":[{"embeddable":true,"href":"https:\/\/www.forum-soegel.de\/information\/wp-json\/wp\/v2\/users\/2"}],"replies":[{"embeddable":true,"href":"https:\/\/www.forum-soegel.de\/information\/wp-json\/wp\/v2\/comments?post=27487"}],"version-history":[{"count":1,"href":"https:\/\/www.forum-soegel.de\/information\/wp-json\/wp\/v2\/posts\/27487\/revisions"}],"predecessor-version":[{"id":27489,"href":"https:\/\/www.forum-soegel.de\/information\/wp-json\/wp\/v2\/posts\/27487\/revisions\/27489"}],"wp:attachment":[{"href":"https:\/\/www.forum-soegel.de\/information\/wp-json\/wp\/v2\/media?parent=27487"}],"wp:term":[{"taxonomy":"category","embeddable":true,"href":"https:\/\/www.forum-soegel.de\/information\/wp-json\/wp\/v2\/categories?post=27487"},{"taxonomy":"post_tag","embeddable":true,"href":"https:\/\/www.forum-soegel.de\/information\/wp-json\/wp\/v2\/tags?post=27487"}],"curies":[{"name":"wp","href":"https:\/\/api.w.org\/{rel}","templated":true}]}}