{"id":2734,"date":"2010-03-01T20:51:11","date_gmt":"2010-03-01T18:51:11","guid":{"rendered":"https:\/\/www.forum-soegel.de\/information\/?p=2734"},"modified":"2010-07-01T20:54:32","modified_gmt":"2010-07-01T18:54:32","slug":"ifs-geht-online","status":"publish","type":"post","link":"https:\/\/www.forum-soegel.de\/information\/2010\/03\/ifs-geht-online\/","title":{"rendered":"IFS geht Online"},"content":{"rendered":"<p>Liebe Leserinnen und Leser,<\/p>\n<p>Wie bereits angek\u00fcndigt, werden wir die Leserplattform ab April um eine Online Version mit Archiv <strong>erweitern<\/strong>.<\/p>\n<p>Die Betonung liegt auf erweitern, denn auch zuk\u00fcnftig finden Sie jeden Monat diese Brosch\u00fcre in Ihrem Briefkasten.<\/p>\n<p>Bei der Einrichtung und in der Einstiegsphase ist uns dankenswerter Weise das S\u00f6geler IT Unternehmen \u201ebackslash-n\u201c \/ Martin Knipper, behilflich und kommt uns mit einem Sponsoring finanziell entgegen.<\/p>\n<p>Was bedeutet das, liebe Leserinnen und Leser, f\u00fcr Sie,<\/p>\n<p>Sie haben die M\u00f6glichkeit, wenn Sie \u00fcber einen Internetanschluss verf\u00fcgen, selbst, oder \u00fcber Freunde und Verwandte, online Zusatzinformationen, Fotos oder aktuelle Vorabinformationen abzurufen.<\/p>\n<p>Alle Brosch\u00fcren werden nach Ablauf eines Monats ins Internet gestellt und so haben Sie nach Monaten und Jahren die M\u00f6glichkeit die Online Version als Archiv zu nutzen.<\/p>\n<p>Dar\u00fcberhinaus haben Sie die M\u00f6glichkeit, mit dem Redaktionsteam in den Dialog zu treten.<\/p>\n<p>Aus datenschutzrechtlichen Gr\u00fcnden werden die \u201eStandesamtlichen Nachrichten\u201c nicht im Internet ver\u00f6ffentlicht.<\/p>\n<p>Und zum Schluss noch etwas, unter der Rubrik \u2013 Man nehme &#8211;\u00a0 wollen wir insbesondere den ausw\u00e4rtigen Lesern, also potentiellen Urlaubern, die typisch emsl\u00e4ndische K\u00fcche vorstellen.<\/p>\n<p>Dazu bitten wir Sie liebe K\u00f6chinnen und K\u00f6che um Vorschl\u00e4ge.<\/p>\n<p>Denn wie hei\u00dft es doch, \u201ewo man gut kocht, da lass dich ruhig nieder\u201c<\/p>\n<p>In diesem Sinne weiterhin alles Gute<\/p>\n<p>Ihr Redaktionsteam<\/p>\n","protected":false},"excerpt":{"rendered":"Liebe Leserinnen und Leser, Wie bereits angek\u00fcndigt, werden wir die Leserplattform ab April um eine Online Version mit Archiv erweitern. Die Betonung liegt auf erweitern, denn auch zuk\u00fcnftig finden Sie jeden Monat diese Brosch\u00fcre in Ihrem Briefkasten. Bei der Einrichtung und in der Einstiegsphase ist uns dankenswerter Weise das S\u00f6geler IT Unternehmen \u201ebackslash-n\u201c \/ Martin [&hellip;]\n","protected":false},"author":2,"featured_media":0,"comment_status":"closed","ping_status":"closed","sticky":false,"template":"","format":"standard","meta":{"ngg_post_thumbnail":0,"footnotes":""},"categories":[393],"tags":[],"class_list":["post-2734","post","type-post","status-publish","format-standard","hentry","category-vorwort"],"_links":{"self":[{"href":"https:\/\/www.forum-soegel.de\/information\/wp-json\/wp\/v2\/posts\/2734","targetHints":{"allow":["GET"]}}],"collection":[{"href":"https:\/\/www.forum-soegel.de\/information\/wp-json\/wp\/v2\/posts"}],"about":[{"href":"https:\/\/www.forum-soegel.de\/information\/wp-json\/wp\/v2\/types\/post"}],"author":[{"embeddable":true,"href":"https:\/\/www.forum-soegel.de\/information\/wp-json\/wp\/v2\/users\/2"}],"replies":[{"embeddable":true,"href":"https:\/\/www.forum-soegel.de\/information\/wp-json\/wp\/v2\/comments?post=2734"}],"version-history":[{"count":1,"href":"https:\/\/www.forum-soegel.de\/information\/wp-json\/wp\/v2\/posts\/2734\/revisions"}],"predecessor-version":[{"id":2735,"href":"https:\/\/www.forum-soegel.de\/information\/wp-json\/wp\/v2\/posts\/2734\/revisions\/2735"}],"wp:attachment":[{"href":"https:\/\/www.forum-soegel.de\/information\/wp-json\/wp\/v2\/media?parent=2734"}],"wp:term":[{"taxonomy":"category","embeddable":true,"href":"https:\/\/www.forum-soegel.de\/information\/wp-json\/wp\/v2\/categories?post=2734"},{"taxonomy":"post_tag","embeddable":true,"href":"https:\/\/www.forum-soegel.de\/information\/wp-json\/wp\/v2\/tags?post=2734"}],"curies":[{"name":"wp","href":"https:\/\/api.w.org\/{rel}","templated":true}]}}