{"id":2732,"date":"2010-02-01T20:49:01","date_gmt":"2010-02-01T18:49:01","guid":{"rendered":"https:\/\/www.forum-soegel.de\/information\/?p=2732"},"modified":"2010-07-01T20:55:13","modified_gmt":"2010-07-01T18:55:13","slug":"salzburg-wien-bayreuth","status":"publish","type":"post","link":"https:\/\/www.forum-soegel.de\/information\/2010\/02\/salzburg-wien-bayreuth\/","title":{"rendered":"Salzburg, Wien, Bayreuth,"},"content":{"rendered":"<p>das, liebe Leserinnen und Leser, sind die Namen die uns einfallen, wenn wir an das \u00fcberw\u00e4ltigende musikalische Angebot der beiden letzten Monate in S\u00f6gel denken.<\/p>\n<p>Sicher werden uns diejenigen unter Ihnen, die\u00a0 die Veranstaltungen \u2013 und wir sagen nicht, besucht, sondern erlebt haben, recht geben.<\/p>\n<p>Da war zun\u00e4chst die Sigiltra-Dancing, unter der Leitung von Valentina Suchanova mit ihren t\u00e4nzerisch traumhaften Darbietungen.<\/p>\n<p>Am 17. Dezember das stimmungsvolle Weihnachtskonzert des H\u00fcmmling-Gymnasium, ( siehe den Bericht von Sophia auf den Kinderseiten )<\/p>\n<p>Nur zwei Tage sp\u00e4ter der eindrucksvolle Chor-Abend mit allen Musikinterpreten, die S\u00f6gel aufzubieten hat.<\/p>\n<p>Das meisterhaft \u00a0gestaltete Weihnachtsoratorium unter der engagierten Leitung von Regionalkantorin Frauke Sparfeldt bildete\u00a0 am 30. Dezember in der Kirche St. Jakobus einen musikalisch bewegenden Jahresausklang.<\/p>\n<p>Und mit Franz Lehar\u2018s \u201eFreunde, das Leben ist lebenswert\u201c er\u00f6ffnete die \u201eJunge Kammeroper K\u00f6ln unter der Leitung von Inga Hilsberg das Neujahrskonzert in der Aula des H\u00fcmmling-Gymnasium.<\/p>\n<p>Vielleicht kann dieses Lied f\u00fcr den einen oder anderen das Motto des Jahres 2010 werden.<\/p>\n<p>Und da wir gerade beim Vergleich S\u00f6gel und Andere sind fiel uns beim Anblick der Schneemassen im Januar nur noch ein \u2013 St. Moritz war gestern \u2013 heute ist S\u00f6gel.<\/p>\n<p>Freuen wir uns gemeinsam auf 2010 in S\u00f6gel und Umgebung.<\/p>\n<p>Ihr Redaktionsteam<\/p>\n","protected":false},"excerpt":{"rendered":"das, liebe Leserinnen und Leser, sind die Namen die uns einfallen, wenn wir an das \u00fcberw\u00e4ltigende musikalische Angebot der beiden letzten Monate in S\u00f6gel denken. Sicher werden uns diejenigen unter Ihnen, die\u00a0 die Veranstaltungen \u2013 und wir sagen nicht, besucht, sondern erlebt haben, recht geben. Da war zun\u00e4chst die Sigiltra-Dancing, unter der Leitung von Valentina [&hellip;]\n","protected":false},"author":2,"featured_media":0,"comment_status":"closed","ping_status":"closed","sticky":false,"template":"","format":"standard","meta":{"ngg_post_thumbnail":0,"footnotes":""},"categories":[393],"tags":[],"class_list":["post-2732","post","type-post","status-publish","format-standard","hentry","category-vorwort"],"_links":{"self":[{"href":"https:\/\/www.forum-soegel.de\/information\/wp-json\/wp\/v2\/posts\/2732","targetHints":{"allow":["GET"]}}],"collection":[{"href":"https:\/\/www.forum-soegel.de\/information\/wp-json\/wp\/v2\/posts"}],"about":[{"href":"https:\/\/www.forum-soegel.de\/information\/wp-json\/wp\/v2\/types\/post"}],"author":[{"embeddable":true,"href":"https:\/\/www.forum-soegel.de\/information\/wp-json\/wp\/v2\/users\/2"}],"replies":[{"embeddable":true,"href":"https:\/\/www.forum-soegel.de\/information\/wp-json\/wp\/v2\/comments?post=2732"}],"version-history":[{"count":3,"href":"https:\/\/www.forum-soegel.de\/information\/wp-json\/wp\/v2\/posts\/2732\/revisions"}],"predecessor-version":[{"id":2737,"href":"https:\/\/www.forum-soegel.de\/information\/wp-json\/wp\/v2\/posts\/2732\/revisions\/2737"}],"wp:attachment":[{"href":"https:\/\/www.forum-soegel.de\/information\/wp-json\/wp\/v2\/media?parent=2732"}],"wp:term":[{"taxonomy":"category","embeddable":true,"href":"https:\/\/www.forum-soegel.de\/information\/wp-json\/wp\/v2\/categories?post=2732"},{"taxonomy":"post_tag","embeddable":true,"href":"https:\/\/www.forum-soegel.de\/information\/wp-json\/wp\/v2\/tags?post=2732"}],"curies":[{"name":"wp","href":"https:\/\/api.w.org\/{rel}","templated":true}]}}