{"id":27213,"date":"2019-08-01T13:31:35","date_gmt":"2019-08-01T11:31:35","guid":{"rendered":"https:\/\/www.forum-soegel.de\/information\/?p=27213"},"modified":"2019-09-01T13:32:45","modified_gmt":"2019-09-01T11:32:45","slug":"auszeichnung-fuer-kindergarten-regenbogenland-berssen","status":"publish","type":"post","link":"https:\/\/www.forum-soegel.de\/information\/2019\/08\/auszeichnung-fuer-kindergarten-regenbogenland-berssen\/","title":{"rendered":"Auszeichnung f\u00fcr Kindergarten Regenbogenland Ber\u00dfen"},"content":{"rendered":"<p><a href=\"https:\/\/www.forum-soegel.de\/information\/wp-content\/uploads\/2019\/09\/Auszeichnung-f\u00fcr-Kindergarten-Regenbogenland-Ber\u00dfen.jpg\"><img loading=\"lazy\" decoding=\"async\" class=\"alignleft size-medium wp-image-27214\" src=\"https:\/\/www.forum-soegel.de\/information\/wp-content\/uploads\/2019\/09\/Auszeichnung-f\u00fcr-Kindergarten-Regenbogenland-Ber\u00dfen-300x216.jpg\" alt=\"\" width=\"300\" height=\"216\" srcset=\"https:\/\/www.forum-soegel.de\/information\/wp-content\/uploads\/2019\/09\/Auszeichnung-f\u00fcr-Kindergarten-Regenbogenland-Ber\u00dfen-300x216.jpg 300w, https:\/\/www.forum-soegel.de\/information\/wp-content\/uploads\/2019\/09\/Auszeichnung-f\u00fcr-Kindergarten-Regenbogenland-Ber\u00dfen-768x554.jpg 768w, https:\/\/www.forum-soegel.de\/information\/wp-content\/uploads\/2019\/09\/Auszeichnung-f\u00fcr-Kindergarten-Regenbogenland-Ber\u00dfen.jpg 1024w\" sizes=\"auto, (max-width: 300px) 100vw, 300px\" \/><\/a>Stavern &#8211; Bei bestem Wetter und fast schon schwei\u00dftreibenden Temperaturen konnte die Leiterin der Kindertagesst\u00e4tte, Hannelore Buschen, viele Besucher und Ehreng\u00e4ste zum Jubil\u00e4umsfest in Gro\u00df Ber\u00dfen begr\u00fc\u00dfen. F\u00fcr den Kindergarten gab es mehrere Gr\u00fcnde zum Feiern. Neben dem 5j\u00e4hrigen Bestehen und der Einweihung einer Spieleburg wurde die Kindertagesst\u00e4tte Regenbogenland ausgezeichnet als \u201eHaus f\u00fcr Kinder und Familien im Bistum Osnabr\u00fcck\u201c.Hauptpersonen des Nachmittags waren in erster Linie die Kinder, ihre Eltern und Gro\u00dfeltern. Das stellten dann auch die besonders geladenen G\u00e4ste, Pfarrer Bernhard Horstmann, Thomas Plogmann, zust\u00e4ndiger Sachbearbeiter des Bistum Osnabr\u00fcck, Frau Sonja Vox-Specker, Fachbereichsleiterin der Caritas Osnabr\u00fcck und die Vertreter der politischen Gemeinden, B\u00fcrgermeister Reinhard Kurlemann aus Gro\u00df Ber\u00dfen und der stellvertretende B\u00fcrgermeister aus Klein Ber\u00dfen, Ludger Becker, in ihren Gru\u00dfworten fest. Alle waren einhellig der Meinung, dass durch die Neugestaltung der vorschulischen Betreuung im Bereich der Gemeinden des S\u00fcdh\u00fcmmling, mit den beiden Kindertagesst\u00e4tten in Gro\u00df Ber\u00dfen und Stavern, die p\u00e4dagogische Arbeit zum Wohle der Kinder in vollem Umfang gew\u00e4hrleistet sei. Vor f\u00fcnf Jahren waren die Grundschulen in Gro\u00df Ber\u00dfen\/H\u00fcven und Stavern aufgel\u00f6st worden und die Kinder dieser Gemeinden besuchen jetzt die neue Grundschule \u201eS\u00fcdh\u00fcmmling\u201c in Klein Ber\u00dfen. Die ehemaligen Schulgeb\u00e4ude in Gro\u00df Ber\u00dfen und Stavern waren zu Kindertagesst\u00e4tten umgebaut worden. Zwischenzeitlich wurde das Geb\u00e4ude in Gro\u00df Ber\u00dfen bereits erweitert; in Stavern steht eine Bauma\u00dfnahme an.Das Jubil\u00e4umsfest erhielt durch die Vorf\u00fchrungen der Kinder einen ganz besonderen Rahmen. Die Krippengruppe \u201eSpatzennest\u201c er\u00f6ffnete die Darbietungen mit dem Eimerlied. Es folgte die Vogelhochzeit, vorgetragen von der Bienengruppe, und die Marienk\u00e4fergruppe ging mit dem Fliegerlied in die L\u00fcfte. \u00a0Ein besonderes Geschenk erhielt der Kindergarten von der B\u00e4ckerei Meyer aus Gro\u00df Ber\u00dfen. Eine Riesentorte mit der Aufschrift \u201e5 Jahre Regenbogenland\u201c wurde sehr vorsichtig mit dem Lied Happy Birthday pr\u00e4sentiert. Frau Vox-Specker \u00fcberreichte anschlie\u00dfend die Auszeichnung der Caritas und des Bistum Osnabr\u00fcck f\u00fcr eine erfolgreiche Teilnahme an dem Prozess zur Weiterentwicklung und der Pr\u00fcfung der Arbeit vor Ort. Mit einem Schild mit der Aufschrift \u201eHaus f\u00fcr Kinder und Familien\u201c ist nach Au\u00dfen sichtbar, dass die Kindertagesst\u00e4tte f\u00fcr ein vom christlichen Menschenbild gepr\u00e4gten Miteinander von Kindern und Erwachsenen steht. Abschlie\u00dfend erfolgte der kirchliche Segen f\u00fcr eine neue Spieleburg mit Spielh\u00e4uschen, ein Geschenk der Gemeinden zum Jubil\u00e4um, durch Pfarrer Bernhard Horstmann. Mit Kaffee und Kuchen und vielen verschiedenen Groschenspielen nahm das Jubil\u00e4um bei sch\u00f6nstem Feierwetter seinen weiteren Verlauf.<\/p>\n<p>Text\/Foto: Gerd Rode<\/p>\n<p>&nbsp;<\/p>\n","protected":false},"excerpt":{"rendered":"Stavern &#8211; Bei bestem Wetter und fast schon schwei\u00dftreibenden Temperaturen konnte die Leiterin der Kindertagesst\u00e4tte, Hannelore Buschen, viele Besucher und Ehreng\u00e4ste zum Jubil\u00e4umsfest in Gro\u00df Ber\u00dfen begr\u00fc\u00dfen. F\u00fcr den Kindergarten gab es mehrere Gr\u00fcnde zum Feiern. Neben dem 5j\u00e4hrigen Bestehen und der Einweihung einer Spieleburg wurde die Kindertagesst\u00e4tte Regenbogenland ausgezeichnet als \u201eHaus f\u00fcr Kinder und [&hellip;]\n","protected":false},"author":2,"featured_media":0,"comment_status":"closed","ping_status":"closed","sticky":false,"template":"","format":"standard","meta":{"ngg_post_thumbnail":0,"footnotes":""},"categories":[868],"tags":[],"class_list":["post-27213","post","type-post","status-publish","format-standard","hentry","category-zwischen-himmel-und-erde"],"_links":{"self":[{"href":"https:\/\/www.forum-soegel.de\/information\/wp-json\/wp\/v2\/posts\/27213","targetHints":{"allow":["GET"]}}],"collection":[{"href":"https:\/\/www.forum-soegel.de\/information\/wp-json\/wp\/v2\/posts"}],"about":[{"href":"https:\/\/www.forum-soegel.de\/information\/wp-json\/wp\/v2\/types\/post"}],"author":[{"embeddable":true,"href":"https:\/\/www.forum-soegel.de\/information\/wp-json\/wp\/v2\/users\/2"}],"replies":[{"embeddable":true,"href":"https:\/\/www.forum-soegel.de\/information\/wp-json\/wp\/v2\/comments?post=27213"}],"version-history":[{"count":1,"href":"https:\/\/www.forum-soegel.de\/information\/wp-json\/wp\/v2\/posts\/27213\/revisions"}],"predecessor-version":[{"id":27215,"href":"https:\/\/www.forum-soegel.de\/information\/wp-json\/wp\/v2\/posts\/27213\/revisions\/27215"}],"wp:attachment":[{"href":"https:\/\/www.forum-soegel.de\/information\/wp-json\/wp\/v2\/media?parent=27213"}],"wp:term":[{"taxonomy":"category","embeddable":true,"href":"https:\/\/www.forum-soegel.de\/information\/wp-json\/wp\/v2\/categories?post=27213"},{"taxonomy":"post_tag","embeddable":true,"href":"https:\/\/www.forum-soegel.de\/information\/wp-json\/wp\/v2\/tags?post=27213"}],"curies":[{"name":"wp","href":"https:\/\/api.w.org\/{rel}","templated":true}]}}