{"id":27136,"date":"2019-07-02T19:27:23","date_gmt":"2019-07-02T17:27:23","guid":{"rendered":"https:\/\/www.forum-soegel.de\/information\/?p=27136"},"modified":"2019-07-02T19:27:23","modified_gmt":"2019-07-02T17:27:23","slug":"schulgarten-erstrahlt-in-neuem-glanz","status":"publish","type":"post","link":"https:\/\/www.forum-soegel.de\/information\/2019\/07\/schulgarten-erstrahlt-in-neuem-glanz\/","title":{"rendered":"Schulgarten erstrahlt in neuem Glanz"},"content":{"rendered":"<p><strong>&#8211; 72-Stunden-Aktion an der Oberschule S\u00f6gel \u2013<\/strong><\/p>\n<p><strong>\u00a0<\/strong>Die Oberschule S\u00f6gel beteiligte sich auch bei der diesj\u00e4hrigen 72-Stunden-Aktion des Bundes der Deutschen Katholischen Jugend (BDKJ) mit einem eigenen Projekt. Unter dem Motto \u201eUns schickt der Himmel\u201c hatten sich 12 Sch\u00fclerInnendes 9. Jahrgangs, die gleichzeitig Teilnehmer des Gruppenleitergrundkurses von Lehrer Michael Blankmann sind, bereit erkl\u00e4rt, bei dieser Aktion mitzuwirken. Ebenso waren etwa 15 LehrerInnen mit im Einsatz.Unter der Gesamtleitung von Lehrer Markus Schute wurden dann binnen 72 Stunden folgende Aufgabeumgesetzt:<strong><em>Die Renaturierung des vorhandenen Schulteiches und das Anlegen einer Wildblumenwiese<\/em><\/strong><em>. \u201e<\/em>Im Schulgarten der Schule am Schloss existiert seit etwa 40 Jahren ein Schulteich, der v\u00f6llig verlandet, zwischenzeitlich ausgetrocknet und nur noch schematisch vorhanden und von daher ungenutzt ist\u201c, sagte Schute. Durch die Renaturierung soll der Teich seinen Worten nach wieder als echtes Biotop genutzt und verst\u00e4rkt in das Curriculum Biologie eingebunden werden. \u201eMit der Wildblumenwiese schaffen wir einen Lebensraum f\u00fcr die Insekten, und mittelfristig kann auch \u00fcber die Ansiedlung von Bienenv\u00f6lkernim Schulgarten nachgedacht werden\u201c, erkl\u00e4rte Schute weiter.<\/p>\n<p>Bevor das 72-Stunden-Team mit seiner Arbeit beginnen konnte, organisierte Schute im Vorfeld das Projekt und sprach die notwendigen Vorarbeiten mit hiesigen Unternehmen und mit Dr. Niels Gepp vom Fachbereich Umwelt des Landkreises Emsland ab. So mussten vorab B\u00e4ume gef\u00e4llt und abtransportiert, das alte Wasser abgepumpt sowie der Teich ausgebaggert werden. Ebenfalls musste der Schlamm abgefahren und die Baumstubben ausgefr\u00e4st werden, bevor neuer Mutterboden geliefert und mit einem Radlader grob verteilt werden konnte.<\/p>\n<p>W\u00e4hrend der Aktion waren die Sch\u00fcler und Lehrer am Biotop dann damit besch\u00e4ftigt, den Uferbereich zu verfestigen und neue Wasserpflanzen zu setzen. Im Anschluss daran wurde die vorhandene Teichbr\u00fccke frisch gestrichen und eine Steganlage angefertigt.Der Mutterboden musste in schwei\u00dftreibender Arbeit mit Schubkarren verfahren und eingeebnet werden, bevor Grassamen einges\u00e4t und der Boden mit einer Walze verfestigt werden konnte. Abschlie\u00dfend wurde das Biotop dann mit Wasser gef\u00fcllt.<\/p>\n<p>F\u00fcr die neue Wildblumenwiese wurde im Anschluss daran eine Fl\u00e4che im Schulgarten gefr\u00e4st. Abschlie\u00dfend s\u00e4ten die Sch\u00fcler eine mehrj\u00e4hrige Bl\u00fchmischung ein und walzten den Ackerboden.<\/p>\n<p>\u201eIch bin sehr stolz auf die Leistung unserer Sch\u00fcler und Lehrer, die mit ihrer Arbeit unseren Schulgarten buchst\u00e4blich aufbl\u00fchen und in einem neuen Glanz erstrahlen lassen\u201c, zeigte sich Schulleiterin Maria Lau von dem nachhaltigen Ergebnis der 72-Stunden-Aktion beeindruckt.<\/p>\n<p>Damit die flei\u00dfigen Helfer w\u00e4hrend des Projektes auch bei Kr\u00e4ften blieben, wurden sie in der Schulk\u00fcche bestens verk\u00f6stigt.Selbstverst\u00e4ndlich durfte nach Fertigstellung der Aufgaben auch ein Grillabend nicht fehlen. Dabei wurde das 72-Stunden-Team durch den Besuch des Osnabr\u00fccker Bischofs Franz-Josef Bode \u00fcberrascht. Bode lobte die Arbeit der freiwilligen Helfer und das Ergebnis der\u201egelungenen Aktion\u201c und sagte: \u201cDer gemeinsame Einsatz f\u00fcr andere oder mit anderen ist die Botschaft dieser Aktion und f\u00fcr die Jugendlichen sicherlich eine\u00a0 wertvolle Erfahrung.\u201c<\/p>\n<p>Lau bedankte sich abschlie\u00dfend noch einmal bei allen Helfern. Ein besonderer Dank galt den Unternehmen aus der Samtgemeinde S\u00f6gel, ohne deren tatkr\u00e4ftige Unterst\u00fctzung dieses Projekt nicht realisierbar gewesen w\u00e4re, und allen weiteren Sponsoren f\u00fcr die finanzielle Unterst\u00fctzung.<\/p>\n<p>Text\/Foto: Gisela Arling<\/p>\n<p><a href=\"https:\/\/www.forum-soegel.de\/information\/wp-content\/uploads\/2019\/07\/NUR-INTERNET-72h-Oberschule-1.jpg\"><img loading=\"lazy\" decoding=\"async\" class=\"alignnone size-thumbnail wp-image-27137\" src=\"https:\/\/www.forum-soegel.de\/information\/wp-content\/uploads\/2019\/07\/NUR-INTERNET-72h-Oberschule-1-150x150.jpg\" alt=\"\" width=\"150\" height=\"150\" \/><\/a> <a href=\"https:\/\/www.forum-soegel.de\/information\/wp-content\/uploads\/2019\/07\/NUR-INTERNET-72h-Oberschule-2.jpg\"><img loading=\"lazy\" decoding=\"async\" class=\"alignleft size-thumbnail wp-image-27138\" src=\"https:\/\/www.forum-soegel.de\/information\/wp-content\/uploads\/2019\/07\/NUR-INTERNET-72h-Oberschule-2-150x150.jpg\" alt=\"\" width=\"150\" height=\"150\" \/><\/a><\/p>\n","protected":false},"excerpt":{"rendered":"&#8211; 72-Stunden-Aktion an der Oberschule S\u00f6gel \u2013 \u00a0Die Oberschule S\u00f6gel beteiligte sich auch bei der diesj\u00e4hrigen 72-Stunden-Aktion des Bundes der Deutschen Katholischen Jugend (BDKJ) mit einem eigenen Projekt. Unter dem Motto \u201eUns schickt der Himmel\u201c hatten sich 12 Sch\u00fclerInnendes 9. Jahrgangs, die gleichzeitig Teilnehmer des Gruppenleitergrundkurses von Lehrer Michael Blankmann sind, bereit erkl\u00e4rt, bei dieser [&hellip;]\n","protected":false},"author":2,"featured_media":0,"comment_status":"closed","ping_status":"closed","sticky":false,"template":"","format":"standard","meta":{"ngg_post_thumbnail":0,"footnotes":""},"categories":[6],"tags":[],"class_list":["post-27136","post","type-post","status-publish","format-standard","hentry","category-aus-der-schule-geplaudert"],"_links":{"self":[{"href":"https:\/\/www.forum-soegel.de\/information\/wp-json\/wp\/v2\/posts\/27136","targetHints":{"allow":["GET"]}}],"collection":[{"href":"https:\/\/www.forum-soegel.de\/information\/wp-json\/wp\/v2\/posts"}],"about":[{"href":"https:\/\/www.forum-soegel.de\/information\/wp-json\/wp\/v2\/types\/post"}],"author":[{"embeddable":true,"href":"https:\/\/www.forum-soegel.de\/information\/wp-json\/wp\/v2\/users\/2"}],"replies":[{"embeddable":true,"href":"https:\/\/www.forum-soegel.de\/information\/wp-json\/wp\/v2\/comments?post=27136"}],"version-history":[{"count":1,"href":"https:\/\/www.forum-soegel.de\/information\/wp-json\/wp\/v2\/posts\/27136\/revisions"}],"predecessor-version":[{"id":27139,"href":"https:\/\/www.forum-soegel.de\/information\/wp-json\/wp\/v2\/posts\/27136\/revisions\/27139"}],"wp:attachment":[{"href":"https:\/\/www.forum-soegel.de\/information\/wp-json\/wp\/v2\/media?parent=27136"}],"wp:term":[{"taxonomy":"category","embeddable":true,"href":"https:\/\/www.forum-soegel.de\/information\/wp-json\/wp\/v2\/categories?post=27136"},{"taxonomy":"post_tag","embeddable":true,"href":"https:\/\/www.forum-soegel.de\/information\/wp-json\/wp\/v2\/tags?post=27136"}],"curies":[{"name":"wp","href":"https:\/\/api.w.org\/{rel}","templated":true}]}}