{"id":2712,"date":"2010-07-01T20:15:04","date_gmt":"2010-07-01T18:15:04","guid":{"rendered":"https:\/\/www.forum-soegel.de\/information\/?p=2712"},"modified":"2010-07-01T20:15:04","modified_gmt":"2010-07-01T18:15:04","slug":"indonesischer-generalkonsul-verabschiedete-sich","status":"publish","type":"post","link":"https:\/\/www.forum-soegel.de\/information\/2010\/07\/indonesischer-generalkonsul-verabschiedete-sich\/","title":{"rendered":"Indonesischer Generalkonsul verabschiedete sich"},"content":{"rendered":"<p>Werpeloh &#8211; Der Generalkonsul der Republik Indonesien, Teuku Darmawan, war am vergangenen Dienstag in Werpeloh, um sich zu verabschieden und f\u00fcr die gute Zusammenarbeit w\u00e4hrend seiner Amtszeit, die am 31. Mai endet, zu bedanken.<\/p>\n<p>Nach seinem dreij\u00e4hrigen Aufenthalt in Deutschland kehrt der Generalkonsul in seine Heimat zur\u00fcck.<\/p>\n<p>Im August 2009 war Darmawan zuletzt in Werpeloh anl\u00e4sslich des indonesischen Kulturfestes zu Gast, das auf seine Anregung hin vom Tr\u00e4gerverein Batakhaus Werpeloh mit Vertretern der Batak-Gemeinde Hamburg und dem Generalkonsulat organisiert worden war, um die indonesische Kultur der emsl\u00e4ndischen Bev\u00f6lkerung vorzustellen.<\/p>\n<p>Bei seinem Abschiedsbesuch betonte der Generalkonsul, dass das im Jahre 2009 vereinbarte Freundschaftsabkommen auch von seiner Nachfolgerin Unterst\u00fctzung finden werde und dankte f\u00fcr das Engagement der H\u00fcmmlinger Bev\u00f6lkerung.<\/p>\n<p>B\u00fcrgermeister Hermann Grotjohann und Erster Samtgemeinderat Hans Nowak bedankten sich ihrerseits im Namen der Gemeinde Werpeloh und der Samtgemeinde S\u00f6gel f\u00fcr die bisherige Unterst\u00fctzung und die stets angenehme Zusammenarbeit und \u00fcberreichten Erinnerungsgeschenke.<\/p>\n<p>Der Vorsitzende des Tr\u00e4gervereins, Bernhard Schmitz, versprach, das Freundschaftsabkommen weiterhin zu pflegen und lud die indonesischen G\u00e4ste zum n\u00e4chsten Kulturfest ein, das voraussichtlich anl\u00e4sslich des 35-j\u00e4hrigen Bestehens des Batakhauses im Jahre 2013 stattfinden wird.<\/p>\n<p>Die Teilnehmer\/innen der Feierstunde versammelten sich zum Abschluss zum Gruppenfoto vor dem Batakhaus.<\/p>\n<p><a href=\"https:\/\/www.forum-soegel.de\/information\/wp-content\/uploads\/2010\/07\/WerpelohVerabschiedungIndonesischerGeneralkonsul.jpg\"><img loading=\"lazy\" decoding=\"async\" class=\"alignnone size-medium wp-image-2713\" title=\"WerpelohVerabschiedungIndonesischerGeneralkonsul\" src=\"https:\/\/www.forum-soegel.de\/information\/wp-content\/uploads\/2010\/07\/WerpelohVerabschiedungIndonesischerGeneralkonsul-300x225.jpg\" alt=\"\" width=\"300\" height=\"225\" srcset=\"https:\/\/www.forum-soegel.de\/information\/wp-content\/uploads\/2010\/07\/WerpelohVerabschiedungIndonesischerGeneralkonsul-300x225.jpg 300w, https:\/\/www.forum-soegel.de\/information\/wp-content\/uploads\/2010\/07\/WerpelohVerabschiedungIndonesischerGeneralkonsul-1024x768.jpg 1024w, https:\/\/www.forum-soegel.de\/information\/wp-content\/uploads\/2010\/07\/WerpelohVerabschiedungIndonesischerGeneralkonsul.jpg 1280w\" sizes=\"auto, (max-width: 300px) 100vw, 300px\" \/><\/a>\u00a0<\/p>\n<p>Text\/Foto: IC<\/p>\n","protected":false},"excerpt":{"rendered":"Werpeloh &#8211; Der Generalkonsul der Republik Indonesien, Teuku Darmawan, war am vergangenen Dienstag in Werpeloh, um sich zu verabschieden und f\u00fcr die gute Zusammenarbeit w\u00e4hrend seiner Amtszeit, die am 31. Mai endet, zu bedanken. Nach seinem dreij\u00e4hrigen Aufenthalt in Deutschland kehrt der Generalkonsul in seine Heimat zur\u00fcck. Im August 2009 war Darmawan zuletzt in Werpeloh [&hellip;]\n","protected":false},"author":2,"featured_media":0,"comment_status":"closed","ping_status":"closed","sticky":false,"template":"","format":"standard","meta":{"ngg_post_thumbnail":0,"footnotes":""},"categories":[3],"tags":[391,390,389],"class_list":["post-2712","post","type-post","status-publish","format-standard","hentry","category-aktuelles-aus-der-region","tag-batak-haus","tag-generalkonsul","tag-indonesien"],"_links":{"self":[{"href":"https:\/\/www.forum-soegel.de\/information\/wp-json\/wp\/v2\/posts\/2712","targetHints":{"allow":["GET"]}}],"collection":[{"href":"https:\/\/www.forum-soegel.de\/information\/wp-json\/wp\/v2\/posts"}],"about":[{"href":"https:\/\/www.forum-soegel.de\/information\/wp-json\/wp\/v2\/types\/post"}],"author":[{"embeddable":true,"href":"https:\/\/www.forum-soegel.de\/information\/wp-json\/wp\/v2\/users\/2"}],"replies":[{"embeddable":true,"href":"https:\/\/www.forum-soegel.de\/information\/wp-json\/wp\/v2\/comments?post=2712"}],"version-history":[{"count":2,"href":"https:\/\/www.forum-soegel.de\/information\/wp-json\/wp\/v2\/posts\/2712\/revisions"}],"predecessor-version":[{"id":2715,"href":"https:\/\/www.forum-soegel.de\/information\/wp-json\/wp\/v2\/posts\/2712\/revisions\/2715"}],"wp:attachment":[{"href":"https:\/\/www.forum-soegel.de\/information\/wp-json\/wp\/v2\/media?parent=2712"}],"wp:term":[{"taxonomy":"category","embeddable":true,"href":"https:\/\/www.forum-soegel.de\/information\/wp-json\/wp\/v2\/categories?post=2712"},{"taxonomy":"post_tag","embeddable":true,"href":"https:\/\/www.forum-soegel.de\/information\/wp-json\/wp\/v2\/tags?post=2712"}],"curies":[{"name":"wp","href":"https:\/\/api.w.org\/{rel}","templated":true}]}}