{"id":2702,"date":"2010-07-01T00:35:01","date_gmt":"2010-06-30T22:35:01","guid":{"rendered":"https:\/\/www.forum-soegel.de\/information\/?p=2702"},"modified":"2010-06-30T21:35:58","modified_gmt":"2010-06-30T19:35:58","slug":"ausstellung-im-ludmillenhof-6","status":"publish","type":"post","link":"https:\/\/www.forum-soegel.de\/information\/2010\/07\/ausstellung-im-ludmillenhof-6\/","title":{"rendered":"Ausstellung im Ludmillenhof"},"content":{"rendered":"<p>Die Patchwork- und Quiltausstellung \u201cGen\u00e4hte Zeit\u201c von Sandra H\u00e4lbig aus Neub\u00f6rger kann im Rathaus w\u00e4hrend der \u00d6ffnungszeiten bis zum 1. September besichtigt werden.<\/p>\n","protected":false},"excerpt":{"rendered":"Die Patchwork- und Quiltausstellung \u201cGen\u00e4hte Zeit\u201c von Sandra H\u00e4lbig aus Neub\u00f6rger kann im Rathaus w\u00e4hrend der \u00d6ffnungszeiten bis zum 1. September besichtigt werden.\n","protected":false},"author":2,"featured_media":0,"comment_status":"closed","ping_status":"closed","sticky":false,"template":"","format":"standard","meta":{"ngg_post_thumbnail":0,"footnotes":""},"categories":[10],"tags":[211,72,380],"class_list":["post-2702","post","type-post","status-publish","format-standard","hentry","category-rat-und-verwaltung-informieren","tag-ausstellung","tag-ludmillenhof","tag-rathaus"],"_links":{"self":[{"href":"https:\/\/www.forum-soegel.de\/information\/wp-json\/wp\/v2\/posts\/2702","targetHints":{"allow":["GET"]}}],"collection":[{"href":"https:\/\/www.forum-soegel.de\/information\/wp-json\/wp\/v2\/posts"}],"about":[{"href":"https:\/\/www.forum-soegel.de\/information\/wp-json\/wp\/v2\/types\/post"}],"author":[{"embeddable":true,"href":"https:\/\/www.forum-soegel.de\/information\/wp-json\/wp\/v2\/users\/2"}],"replies":[{"embeddable":true,"href":"https:\/\/www.forum-soegel.de\/information\/wp-json\/wp\/v2\/comments?post=2702"}],"version-history":[{"count":2,"href":"https:\/\/www.forum-soegel.de\/information\/wp-json\/wp\/v2\/posts\/2702\/revisions"}],"predecessor-version":[{"id":2704,"href":"https:\/\/www.forum-soegel.de\/information\/wp-json\/wp\/v2\/posts\/2702\/revisions\/2704"}],"wp:attachment":[{"href":"https:\/\/www.forum-soegel.de\/information\/wp-json\/wp\/v2\/media?parent=2702"}],"wp:term":[{"taxonomy":"category","embeddable":true,"href":"https:\/\/www.forum-soegel.de\/information\/wp-json\/wp\/v2\/categories?post=2702"},{"taxonomy":"post_tag","embeddable":true,"href":"https:\/\/www.forum-soegel.de\/information\/wp-json\/wp\/v2\/tags?post=2702"}],"curies":[{"name":"wp","href":"https:\/\/api.w.org\/{rel}","templated":true}]}}