{"id":2699,"date":"2010-07-01T00:33:24","date_gmt":"2010-06-30T22:33:24","guid":{"rendered":"https:\/\/www.forum-soegel.de\/information\/?p=2699"},"modified":"2010-06-30T21:34:40","modified_gmt":"2010-06-30T19:34:40","slug":"stolpersteine","status":"publish","type":"post","link":"https:\/\/www.forum-soegel.de\/information\/2010\/07\/stolpersteine\/","title":{"rendered":"Stolpersteine"},"content":{"rendered":"<p><a href=\"https:\/\/www.forum-soegel.de\/information\/wp-content\/uploads\/2010\/06\/logo-s\u00f6gel6.jpg\"><img loading=\"lazy\" decoding=\"async\" class=\"alignleft size-thumbnail wp-image-2700\" title=\"logo s\u00f6gel\" src=\"https:\/\/www.forum-soegel.de\/information\/wp-content\/uploads\/2010\/06\/logo-s\u00f6gel6-150x150.jpg\" alt=\"\" width=\"150\" height=\"150\" \/><\/a>In der Gemeinde S\u00f6gel werden anl\u00e4sslich der Gedenkveranstaltung zum 09. November im Jahr 2011 sogenannte \u201eStolpersteine\u201c verlegt.<\/p>\n<p>Der K\u00f6lner K\u00fcnstler und Bildhauer Gunter Demnig hat die Aktion \u201eStolpersteine\u201c entwickelt. Damit soll an die Opfer der NS-Zeit erinnert werden, in dem vor ihrer letzten selbst gew\u00e4hlten Wohnung Betonw\u00fcrfel mit zehn Zentimeter Kantenl\u00e4nge in den B\u00fcrgersteig eingesetzt werden. Die Steine tragen an der Oberseite eine 10 x 10 cm gro\u00dfe Messingtafel, in die Demnig mit Hammer und Schlagbuchstaben die \u00dcberschrift HIER WOHNTE und darunter den Namen, den Jahrgang und das weitere Schicksal jedes einzelnen Menschen einstanzt. Die STOLPERSTEINE werden \u00fcber Patenschaften finanziert \u2013 Pate kann jede private Person werden, aber auch Vereine, Parteien, Stiftungen, etc. Die Kosten in H\u00f6he von 95 Euro beinhalten die Recherchen, das Einschlagen der Schrift, das Herstellen des Betonsteines sowie das fachgerechte Verlegen enthalten. B\u00fcrger, die Interesse an einer Patenschaft haben, sollten sich bei der Gemeindeverwaltung mit Herrn Kerssens in Verbindung setzen.<\/p>\n","protected":false},"excerpt":{"rendered":"In der Gemeinde S\u00f6gel werden anl\u00e4sslich der Gedenkveranstaltung zum 09. November im Jahr 2011 sogenannte \u201eStolpersteine\u201c verlegt. Der K\u00f6lner K\u00fcnstler und Bildhauer Gunter Demnig hat die Aktion \u201eStolpersteine\u201c entwickelt. Damit soll an die Opfer der NS-Zeit erinnert werden, in dem vor ihrer letzten selbst gew\u00e4hlten Wohnung Betonw\u00fcrfel mit zehn Zentimeter Kantenl\u00e4nge in den B\u00fcrgersteig eingesetzt [&hellip;]\n","protected":false},"author":2,"featured_media":0,"comment_status":"closed","ping_status":"closed","sticky":false,"template":"","format":"standard","meta":{"ngg_post_thumbnail":0,"footnotes":""},"categories":[10],"tags":[388],"class_list":["post-2699","post","type-post","status-publish","format-standard","hentry","category-rat-und-verwaltung-informieren","tag-stolpersteine"],"_links":{"self":[{"href":"https:\/\/www.forum-soegel.de\/information\/wp-json\/wp\/v2\/posts\/2699","targetHints":{"allow":["GET"]}}],"collection":[{"href":"https:\/\/www.forum-soegel.de\/information\/wp-json\/wp\/v2\/posts"}],"about":[{"href":"https:\/\/www.forum-soegel.de\/information\/wp-json\/wp\/v2\/types\/post"}],"author":[{"embeddable":true,"href":"https:\/\/www.forum-soegel.de\/information\/wp-json\/wp\/v2\/users\/2"}],"replies":[{"embeddable":true,"href":"https:\/\/www.forum-soegel.de\/information\/wp-json\/wp\/v2\/comments?post=2699"}],"version-history":[{"count":1,"href":"https:\/\/www.forum-soegel.de\/information\/wp-json\/wp\/v2\/posts\/2699\/revisions"}],"predecessor-version":[{"id":2701,"href":"https:\/\/www.forum-soegel.de\/information\/wp-json\/wp\/v2\/posts\/2699\/revisions\/2701"}],"wp:attachment":[{"href":"https:\/\/www.forum-soegel.de\/information\/wp-json\/wp\/v2\/media?parent=2699"}],"wp:term":[{"taxonomy":"category","embeddable":true,"href":"https:\/\/www.forum-soegel.de\/information\/wp-json\/wp\/v2\/categories?post=2699"},{"taxonomy":"post_tag","embeddable":true,"href":"https:\/\/www.forum-soegel.de\/information\/wp-json\/wp\/v2\/tags?post=2699"}],"curies":[{"name":"wp","href":"https:\/\/api.w.org\/{rel}","templated":true}]}}