{"id":2696,"date":"2010-07-01T00:31:44","date_gmt":"2010-06-30T22:31:44","guid":{"rendered":"https:\/\/www.forum-soegel.de\/information\/?p=2696"},"modified":"2010-06-30T21:33:14","modified_gmt":"2010-06-30T19:33:14","slug":"breitbandversorgung","status":"publish","type":"post","link":"https:\/\/www.forum-soegel.de\/information\/2010\/07\/breitbandversorgung\/","title":{"rendered":"Breitbandversorgung"},"content":{"rendered":"<p><a href=\"https:\/\/www.forum-soegel.de\/information\/wp-content\/uploads\/2010\/06\/logo-s\u00f6gel5.jpg\"><img loading=\"lazy\" decoding=\"async\" class=\"alignleft size-thumbnail wp-image-2697\" title=\"logo s\u00f6gel\" src=\"https:\/\/www.forum-soegel.de\/information\/wp-content\/uploads\/2010\/06\/logo-s\u00f6gel5-150x150.jpg\" alt=\"\" width=\"150\" height=\"150\" \/><\/a>In der Samtgemeinde S\u00f6gel geht der Ausbau der Breitbandversorgung nun doch schneller voran als zun\u00e4chst vermutet. Im Rahmen der Breitbandinitiative Niedersachsen werden beide Gemeinden ber\u00fccksichtigt und die \u00fcberwiegende Zahl der Haushalte in diesen Ortschaften mit schnellen Datenleitungen f\u00fcr die Internetnutzung versorgt.<br \/>\nW\u00e4hrend in der Gemeinde Werpeloh nahezu alle Haushalte k\u00fcnftig DSL-Anschl\u00fcsse angeboten bekommen, wird sich der Ausbau in Stavern zun\u00e4chst auf den Ortsteil Gro\u00df Stavern beschr\u00e4nken.<\/p>\n","protected":false},"excerpt":{"rendered":"In der Samtgemeinde S\u00f6gel geht der Ausbau der Breitbandversorgung nun doch schneller voran als zun\u00e4chst vermutet. Im Rahmen der Breitbandinitiative Niedersachsen werden beide Gemeinden ber\u00fccksichtigt und die \u00fcberwiegende Zahl der Haushalte in diesen Ortschaften mit schnellen Datenleitungen f\u00fcr die Internetnutzung versorgt. W\u00e4hrend in der Gemeinde Werpeloh nahezu alle Haushalte k\u00fcnftig DSL-Anschl\u00fcsse angeboten bekommen, wird sich [&hellip;]\n","protected":false},"author":2,"featured_media":0,"comment_status":"closed","ping_status":"closed","sticky":false,"template":"","format":"standard","meta":{"ngg_post_thumbnail":0,"footnotes":""},"categories":[10],"tags":[386,387],"class_list":["post-2696","post","type-post","status-publish","format-standard","hentry","category-rat-und-verwaltung-informieren","tag-breitbandversorgung","tag-dsl"],"_links":{"self":[{"href":"https:\/\/www.forum-soegel.de\/information\/wp-json\/wp\/v2\/posts\/2696","targetHints":{"allow":["GET"]}}],"collection":[{"href":"https:\/\/www.forum-soegel.de\/information\/wp-json\/wp\/v2\/posts"}],"about":[{"href":"https:\/\/www.forum-soegel.de\/information\/wp-json\/wp\/v2\/types\/post"}],"author":[{"embeddable":true,"href":"https:\/\/www.forum-soegel.de\/information\/wp-json\/wp\/v2\/users\/2"}],"replies":[{"embeddable":true,"href":"https:\/\/www.forum-soegel.de\/information\/wp-json\/wp\/v2\/comments?post=2696"}],"version-history":[{"count":1,"href":"https:\/\/www.forum-soegel.de\/information\/wp-json\/wp\/v2\/posts\/2696\/revisions"}],"predecessor-version":[{"id":2698,"href":"https:\/\/www.forum-soegel.de\/information\/wp-json\/wp\/v2\/posts\/2696\/revisions\/2698"}],"wp:attachment":[{"href":"https:\/\/www.forum-soegel.de\/information\/wp-json\/wp\/v2\/media?parent=2696"}],"wp:term":[{"taxonomy":"category","embeddable":true,"href":"https:\/\/www.forum-soegel.de\/information\/wp-json\/wp\/v2\/categories?post=2696"},{"taxonomy":"post_tag","embeddable":true,"href":"https:\/\/www.forum-soegel.de\/information\/wp-json\/wp\/v2\/tags?post=2696"}],"curies":[{"name":"wp","href":"https:\/\/api.w.org\/{rel}","templated":true}]}}