{"id":26864,"date":"2019-06-01T19:00:10","date_gmt":"2019-06-01T17:00:10","guid":{"rendered":"https:\/\/www.forum-soegel.de\/information\/?p=26864"},"modified":"2019-07-01T19:02:41","modified_gmt":"2019-07-01T17:02:41","slug":"spendenuebergabe-fuer-gordey-2-jahre-in-gommel-durch-hiesige-floristin","status":"publish","type":"post","link":"https:\/\/www.forum-soegel.de\/information\/2019\/06\/spendenuebergabe-fuer-gordey-2-jahre-in-gommel-durch-hiesige-floristin\/","title":{"rendered":"Spenden\u00fcbergabe f\u00fcr Gordey (2 Jahre) in Gommel durch hiesige Floristin"},"content":{"rendered":"<p>Gommel\/S\u00f6gel \u2013 Die in S\u00f6gel angestellte Floristin Katja Hagst\u00e4tter sammelte durch diverse Spendenaktionen im vergangenen Jahr 650,- Euro f\u00fcr ein Kinderheim in Wei\u00dfrussland. Speziell der Junge Gordey profitiert von diesen Spenden, da er durch einen Schlaganfall k\u00f6rperlich und geistig eingeschr\u00e4nkt ist und auf sehr viel Hilfe sowie sehr teure Medikamente angewiesen ist.<\/p>\n<p>Die Familie des Jungen war sehr gl\u00fccklich und bedankte sich f\u00fcr diese tolle Spendenaktion bei Katja und allen S\u00f6geler Spendern.<\/p>\n<p>Unser Foto zeigt Gordey mit seiner Mutter und Katja.<\/p>\n<p>Text: SSt \/ Foto: Katja Hagst\u00e4tter<\/p>\n<p><a href=\"https:\/\/www.forum-soegel.de\/information\/wp-content\/uploads\/2019\/07\/Spenden\u00fcbergabe-f\u00fcr-Gordey.jpg\"><img loading=\"lazy\" decoding=\"async\" class=\"alignnone size-medium wp-image-26865\" src=\"https:\/\/www.forum-soegel.de\/information\/wp-content\/uploads\/2019\/07\/Spenden\u00fcbergabe-f\u00fcr-Gordey-300x300.jpg\" alt=\"\" width=\"300\" height=\"300\" srcset=\"https:\/\/www.forum-soegel.de\/information\/wp-content\/uploads\/2019\/07\/Spenden\u00fcbergabe-f\u00fcr-Gordey-300x300.jpg 300w, https:\/\/www.forum-soegel.de\/information\/wp-content\/uploads\/2019\/07\/Spenden\u00fcbergabe-f\u00fcr-Gordey-150x150.jpg 150w, https:\/\/www.forum-soegel.de\/information\/wp-content\/uploads\/2019\/07\/Spenden\u00fcbergabe-f\u00fcr-Gordey.jpg 768w\" sizes=\"auto, (max-width: 300px) 100vw, 300px\" \/><\/a><\/p>\n","protected":false},"excerpt":{"rendered":"Gommel\/S\u00f6gel \u2013 Die in S\u00f6gel angestellte Floristin Katja Hagst\u00e4tter sammelte durch diverse Spendenaktionen im vergangenen Jahr 650,- Euro f\u00fcr ein Kinderheim in Wei\u00dfrussland. Speziell der Junge Gordey profitiert von diesen Spenden, da er durch einen Schlaganfall k\u00f6rperlich und geistig eingeschr\u00e4nkt ist und auf sehr viel Hilfe sowie sehr teure Medikamente angewiesen ist. Die Familie des [&hellip;]\n","protected":false},"author":2,"featured_media":0,"comment_status":"closed","ping_status":"closed","sticky":false,"template":"","format":"standard","meta":{"ngg_post_thumbnail":0,"footnotes":""},"categories":[4],"tags":[],"class_list":["post-26864","post","type-post","status-publish","format-standard","hentry","category-aus-der-geschaftswelt"],"_links":{"self":[{"href":"https:\/\/www.forum-soegel.de\/information\/wp-json\/wp\/v2\/posts\/26864","targetHints":{"allow":["GET"]}}],"collection":[{"href":"https:\/\/www.forum-soegel.de\/information\/wp-json\/wp\/v2\/posts"}],"about":[{"href":"https:\/\/www.forum-soegel.de\/information\/wp-json\/wp\/v2\/types\/post"}],"author":[{"embeddable":true,"href":"https:\/\/www.forum-soegel.de\/information\/wp-json\/wp\/v2\/users\/2"}],"replies":[{"embeddable":true,"href":"https:\/\/www.forum-soegel.de\/information\/wp-json\/wp\/v2\/comments?post=26864"}],"version-history":[{"count":1,"href":"https:\/\/www.forum-soegel.de\/information\/wp-json\/wp\/v2\/posts\/26864\/revisions"}],"predecessor-version":[{"id":26866,"href":"https:\/\/www.forum-soegel.de\/information\/wp-json\/wp\/v2\/posts\/26864\/revisions\/26866"}],"wp:attachment":[{"href":"https:\/\/www.forum-soegel.de\/information\/wp-json\/wp\/v2\/media?parent=26864"}],"wp:term":[{"taxonomy":"category","embeddable":true,"href":"https:\/\/www.forum-soegel.de\/information\/wp-json\/wp\/v2\/categories?post=26864"},{"taxonomy":"post_tag","embeddable":true,"href":"https:\/\/www.forum-soegel.de\/information\/wp-json\/wp\/v2\/tags?post=26864"}],"curies":[{"name":"wp","href":"https:\/\/api.w.org\/{rel}","templated":true}]}}