{"id":26858,"date":"2019-06-01T18:54:56","date_gmt":"2019-06-01T16:54:56","guid":{"rendered":"https:\/\/www.forum-soegel.de\/information\/?p=26858"},"modified":"2019-07-01T18:59:22","modified_gmt":"2019-07-01T16:59:22","slug":"165-jahre-wirtschaftsverband-soegel-die-mitgliedsbetriebe-stellen-sich-vor","status":"publish","type":"post","link":"https:\/\/www.forum-soegel.de\/information\/2019\/06\/165-jahre-wirtschaftsverband-soegel-die-mitgliedsbetriebe-stellen-sich-vor\/","title":{"rendered":"165 Jahre Wirtschaftsverband S\u00f6gel Die Mitgliedsbetriebe stellen sich vor"},"content":{"rendered":"<p><strong>In dieser Ausgabe: Firma Koopmann<\/strong><\/p>\n<p><strong>\u00a0<\/strong><\/p>\n<p><strong><u><a href=\"https:\/\/www.forum-soegel.de\/information\/wp-content\/uploads\/2019\/07\/KOOPMANN_Historisch.jpg\"><img loading=\"lazy\" decoding=\"async\" class=\"alignleft size-medium wp-image-26859\" src=\"https:\/\/www.forum-soegel.de\/information\/wp-content\/uploads\/2019\/07\/KOOPMANN_Historisch-300x195.jpg\" alt=\"\" width=\"300\" height=\"195\" srcset=\"https:\/\/www.forum-soegel.de\/information\/wp-content\/uploads\/2019\/07\/KOOPMANN_Historisch-300x195.jpg 300w, https:\/\/www.forum-soegel.de\/information\/wp-content\/uploads\/2019\/07\/KOOPMANN_Historisch-768x500.jpg 768w, https:\/\/www.forum-soegel.de\/information\/wp-content\/uploads\/2019\/07\/KOOPMANN_Historisch.jpg 1024w\" sizes=\"auto, (max-width: 300px) 100vw, 300px\" \/><\/a>Kurz-Steckbrief<\/u><\/strong><br \/>\n<em><br \/>\nheutiger Firmenname: Bike Park Koopmann GbR &amp; Koopmann-Technik<\/em><\/p>\n<p>gegr\u00fcndet:\u00a0\u00a0\u00a0\u00a0\u00a0\u00a0\u00a0\u00a0\u00a0\u00a0 \u00a0\u00a0\u00a0 1948<\/p>\n<p><em>\u00a0<\/em><em>heutige Gesch\u00e4ftsleitung: Ludwig Koopmann und Christine Ritz<\/em><\/p>\n<p>&nbsp;<\/p>\n<p>&nbsp;<\/p>\n<p>&nbsp;<\/p>\n<p><strong>1948<\/strong>: Gr\u00fcndung einer Motorrad- und Fahrradreparaturwerkstatt in der Amtsstra\u00dfe durch Ferdinand und Helene Koopmann<\/p>\n<p><strong>\u00a0<\/strong><\/p>\n<p><strong>1956<\/strong>: Umzug in die Kolpingstra\u00dfe (eine ehemalige Wehrmachtsbaracke wurde als Werkstatt genutzt) mit erweitertem Angebot: LLOYD-Kraftfahrzeuge im Programm. Dazu wurde die Aral-Tankstelle an der Clemens-August-Stra\u00dfe errichtet.<\/p>\n<p><strong>1970: <\/strong>Neue Sortimentsgestaltung: Fahrr\u00e4der, N\u00e4hmaschinen Babyausstattung.<\/p>\n<p><strong><br \/>\n<\/strong><strong>1978<\/strong>: Mechanikermeister Ludwig Koopmann \u00fcbernimmt als tech.Kaufmann die Betriebsleitung<\/p>\n<p><strong>1982: <\/strong>\u00a0Neubau einer Werkstatt<\/p>\n<p><strong>1990:<\/strong> Mitgliedschaft der ZEG \u2013 Europas gr\u00f6\u00dfter Einkaufsgemeinschaft f\u00fcr Zweir\u00e4der<\/p>\n<p><strong>1994<\/strong>: \u00dcbernahme und Ausbau des Betriebs durch Ludwig Koopmann und seiner Frau Angelika. In den Folgejahren umfasst die Produktpalette der Firma Koopmann \u00a0neben Fahrr\u00e4dern auch Markisen, N\u00e4hmaschinen und Babyausstattung.<\/p>\n<p><strong><br \/>\n1996<\/strong>: Umzug in den Gewerbepark P\u00fcttkesberge: Neubau mit Ladenlokal, B\u00fcro- und Werkstatt-Bereich auf 1150 qm, mit Indoor-Teststrecke.<\/p>\n<p><strong><br \/>\n2003<\/strong>: Das \u201eLPM- Fahrrad nach Ma\u00df\u201c wird pr\u00e4sentiert. Die erfolgreichste Zweirad Manufaktur-Marke im Emsland.<\/p>\n<p><strong>2008<\/strong>: Splittung der Fachbereiche in Bike Park Koopmann GbR mit E-Bikes, Fahrr\u00e4dern &amp; Service sowie Koopmann-Technik f\u00fcr N\u00e4hmaschinen &amp; Sonnenschutz &#8211; zwei Unternehmen unter einem Dach.<br \/>\n<strong><br \/>\n2009:<\/strong> Betriebswirtin Christine Ritz, Tochter von Ludwig und Angelika, steigt in den Betrieb ein<br \/>\n<strong><br \/>\n2018<\/strong>: 70 Jahre Koopmann, 15 Jahre LPM<\/p>\n<p><strong><u>KOOPMANN &#8211; seit 1948 Qualt\u00e4t mit zuverl\u00e4ssigem Service!<\/u><\/strong><\/p>\n<p>Hatte fr\u00fcher der Familienbetrieb Koopmann den Charakter eines Gemischtwarenladens, in\u00a0dem zwischenzeitlich auch Spielwaren und Babyausstattung im Sortiment waren, so pr\u00e4sentiert sich heute ein respektabler Fachmarkt mit Fachabteilungen und kompetentem Servicebereich.<\/p>\n<p>Immer mehr Menschen tauschen das Fahrrad gegen ein Elektrorad ein. Besonders bei diesen Produkten wird die Beratung immer intensiver und der Rundum-Service immer anspruchsvoller.<br \/>\nHinzu kommen die zahlreichen Finanz-M\u00f6glichkeiten von Leasing \u00fcber den Arbeitgeber, Finanzierungen bis hin zu Rundumschutzpaketen f\u00fcr das neue (E-) Bike.<\/p>\n<p>Das Team ist stolz auf die\u00a0Manufaktur-Marke LPM &#8211;\u00a0 das Exclusiv-Aush\u00e4ngeschild in puncto Individualit\u00e4t und Qualit\u00e4t. Seit 16 Jahren ist der S\u00f6geler Bike-Park\u00a0mit der Hausmarke f\u00fcr Leichtlauf-R\u00e4der am Markt pr\u00e4sent. Vor neun Jahren wurde die Marke auch um LPM-Bosch-E-Bikes erg\u00e4nzt. Manufaktur ist Handarbeit, die den guten Qualit\u00e4tsstandard der erfolgreichen\u00a0LPM-Produkte unterstreicht.<br \/>\nFahrr\u00e4der und E-Bikes weiterer acht Qualit\u00e4tsmarken pr\u00e4sentiert der Bike Park Koopmann zu absoluten Tiefpreisen. Im Zuge der Beratung k\u00f6nnen alle Modelle intensiv auf der Outdoor- und Indoor-Teststrecke getestet \u00a0werden.<br \/>\nNeben dem vielseitigen Angebot an E-Bikes und Fahrr\u00e4dern\u00a0ist im Fachmarkt ein N\u00e4hmaschinen-Shop mit Spezial-Werkstatt f\u00fcr alle N\u00e4hmaschinenmarken angeschlossen. Herzlich Willkommen!<\/p>\n<p>Text\/Foto: Bike Park Koopmann GbR<\/p>\n<p><a href=\"https:\/\/www.forum-soegel.de\/information\/wp-content\/uploads\/2019\/07\/KOOPMANN_Mitarbeiterfoto_2014-41.jpg\"><img loading=\"lazy\" decoding=\"async\" class=\"alignnone size-thumbnail wp-image-26860\" src=\"https:\/\/www.forum-soegel.de\/information\/wp-content\/uploads\/2019\/07\/KOOPMANN_Mitarbeiterfoto_2014-41-150x150.jpg\" alt=\"\" width=\"150\" height=\"150\" \/><\/a> <a href=\"https:\/\/www.forum-soegel.de\/information\/wp-content\/uploads\/2019\/07\/KOOPMANN_Aussenansicht.jpg\"><img loading=\"lazy\" decoding=\"async\" class=\"alignnone size-thumbnail wp-image-26861\" src=\"https:\/\/www.forum-soegel.de\/information\/wp-content\/uploads\/2019\/07\/KOOPMANN_Aussenansicht-150x150.jpg\" alt=\"\" width=\"150\" height=\"150\" \/><\/a><\/p>\n","protected":false},"excerpt":{"rendered":"In dieser Ausgabe: Firma Koopmann \u00a0 Kurz-Steckbrief heutiger Firmenname: Bike Park Koopmann GbR &amp; Koopmann-Technik gegr\u00fcndet:\u00a0\u00a0\u00a0\u00a0\u00a0\u00a0\u00a0\u00a0\u00a0\u00a0 \u00a0\u00a0\u00a0 1948 \u00a0heutige Gesch\u00e4ftsleitung: Ludwig Koopmann und Christine Ritz &nbsp; &nbsp; &nbsp; 1948: Gr\u00fcndung einer Motorrad- und Fahrradreparaturwerkstatt in der Amtsstra\u00dfe durch Ferdinand und Helene Koopmann \u00a0 1956: Umzug in die Kolpingstra\u00dfe (eine ehemalige Wehrmachtsbaracke wurde als Werkstatt genutzt) [&hellip;]\n","protected":false},"author":2,"featured_media":0,"comment_status":"closed","ping_status":"closed","sticky":false,"template":"","format":"standard","meta":{"ngg_post_thumbnail":0,"footnotes":""},"categories":[4],"tags":[],"class_list":["post-26858","post","type-post","status-publish","format-standard","hentry","category-aus-der-geschaftswelt"],"_links":{"self":[{"href":"https:\/\/www.forum-soegel.de\/information\/wp-json\/wp\/v2\/posts\/26858","targetHints":{"allow":["GET"]}}],"collection":[{"href":"https:\/\/www.forum-soegel.de\/information\/wp-json\/wp\/v2\/posts"}],"about":[{"href":"https:\/\/www.forum-soegel.de\/information\/wp-json\/wp\/v2\/types\/post"}],"author":[{"embeddable":true,"href":"https:\/\/www.forum-soegel.de\/information\/wp-json\/wp\/v2\/users\/2"}],"replies":[{"embeddable":true,"href":"https:\/\/www.forum-soegel.de\/information\/wp-json\/wp\/v2\/comments?post=26858"}],"version-history":[{"count":2,"href":"https:\/\/www.forum-soegel.de\/information\/wp-json\/wp\/v2\/posts\/26858\/revisions"}],"predecessor-version":[{"id":26863,"href":"https:\/\/www.forum-soegel.de\/information\/wp-json\/wp\/v2\/posts\/26858\/revisions\/26863"}],"wp:attachment":[{"href":"https:\/\/www.forum-soegel.de\/information\/wp-json\/wp\/v2\/media?parent=26858"}],"wp:term":[{"taxonomy":"category","embeddable":true,"href":"https:\/\/www.forum-soegel.de\/information\/wp-json\/wp\/v2\/categories?post=26858"},{"taxonomy":"post_tag","embeddable":true,"href":"https:\/\/www.forum-soegel.de\/information\/wp-json\/wp\/v2\/tags?post=26858"}],"curies":[{"name":"wp","href":"https:\/\/api.w.org\/{rel}","templated":true}]}}