{"id":2675,"date":"2010-07-01T00:11:20","date_gmt":"2010-06-30T22:11:20","guid":{"rendered":"https:\/\/www.forum-soegel.de\/information\/?p=2675"},"modified":"2010-06-30T21:21:12","modified_gmt":"2010-06-30T19:21:12","slug":"busbahnhof-am-schulzentrum","status":"publish","type":"post","link":"https:\/\/www.forum-soegel.de\/information\/2010\/07\/busbahnhof-am-schulzentrum\/","title":{"rendered":"Busbahnhof am Schulzentrum"},"content":{"rendered":"<p><a href=\"https:\/\/www.forum-soegel.de\/information\/wp-content\/uploads\/2010\/06\/logo-s\u00f6gel.jpg\"><img loading=\"lazy\" decoding=\"async\" class=\"alignleft size-thumbnail wp-image-2676\" title=\"logo s\u00f6gel\" src=\"https:\/\/www.forum-soegel.de\/information\/wp-content\/uploads\/2010\/06\/logo-s\u00f6gel-150x150.jpg\" alt=\"\" width=\"150\" height=\"150\" \/><\/a>Mit den Bauarbeiten beim neuen Busbahnhof am Schulzentrum wurde zu Beginn der Sommerferien begonnen. Die Fertigstellung der Bauma\u00dfnahme ist f\u00fcr Ende September vorgesehen. Die Bev\u00f6lkerung wird um Verst\u00e4ndnis f\u00fcr die w\u00e4hrend der Bauphase unvermeidbaren Beeintr\u00e4chtigungen gebeten. Auftragnehmer des Projektes, das im Wesentlichen vom Land Niedersachsen finanziert wird, ist die Firma Peters aus Vrees<\/p>\n","protected":false},"excerpt":{"rendered":"Mit den Bauarbeiten beim neuen Busbahnhof am Schulzentrum wurde zu Beginn der Sommerferien begonnen. Die Fertigstellung der Bauma\u00dfnahme ist f\u00fcr Ende September vorgesehen. Die Bev\u00f6lkerung wird um Verst\u00e4ndnis f\u00fcr die w\u00e4hrend der Bauphase unvermeidbaren Beeintr\u00e4chtigungen gebeten. Auftragnehmer des Projektes, das im Wesentlichen vom Land Niedersachsen finanziert wird, ist die Firma Peters aus Vrees\n","protected":false},"author":2,"featured_media":0,"comment_status":"closed","ping_status":"closed","sticky":false,"template":"","format":"standard","meta":{"ngg_post_thumbnail":0,"footnotes":""},"categories":[10],"tags":[207],"class_list":["post-2675","post","type-post","status-publish","format-standard","hentry","category-rat-und-verwaltung-informieren","tag-busbahnhof"],"_links":{"self":[{"href":"https:\/\/www.forum-soegel.de\/information\/wp-json\/wp\/v2\/posts\/2675","targetHints":{"allow":["GET"]}}],"collection":[{"href":"https:\/\/www.forum-soegel.de\/information\/wp-json\/wp\/v2\/posts"}],"about":[{"href":"https:\/\/www.forum-soegel.de\/information\/wp-json\/wp\/v2\/types\/post"}],"author":[{"embeddable":true,"href":"https:\/\/www.forum-soegel.de\/information\/wp-json\/wp\/v2\/users\/2"}],"replies":[{"embeddable":true,"href":"https:\/\/www.forum-soegel.de\/information\/wp-json\/wp\/v2\/comments?post=2675"}],"version-history":[{"count":2,"href":"https:\/\/www.forum-soegel.de\/information\/wp-json\/wp\/v2\/posts\/2675\/revisions"}],"predecessor-version":[{"id":2678,"href":"https:\/\/www.forum-soegel.de\/information\/wp-json\/wp\/v2\/posts\/2675\/revisions\/2678"}],"wp:attachment":[{"href":"https:\/\/www.forum-soegel.de\/information\/wp-json\/wp\/v2\/media?parent=2675"}],"wp:term":[{"taxonomy":"category","embeddable":true,"href":"https:\/\/www.forum-soegel.de\/information\/wp-json\/wp\/v2\/categories?post=2675"},{"taxonomy":"post_tag","embeddable":true,"href":"https:\/\/www.forum-soegel.de\/information\/wp-json\/wp\/v2\/tags?post=2675"}],"curies":[{"name":"wp","href":"https:\/\/api.w.org\/{rel}","templated":true}]}}