{"id":2669,"date":"2010-07-01T00:07:32","date_gmt":"2010-06-30T22:07:32","guid":{"rendered":"https:\/\/www.forum-soegel.de\/information\/?p=2669"},"modified":"2010-06-30T21:09:22","modified_gmt":"2010-06-30T19:09:22","slug":"verkaufsoffener-sonntag-in-sogel","status":"publish","type":"post","link":"https:\/\/www.forum-soegel.de\/information\/2010\/07\/verkaufsoffener-sonntag-in-sogel\/","title":{"rendered":"Verkaufsoffener Sonntag in S\u00f6gel"},"content":{"rendered":"<p>Am 6.Juni hatten in S\u00f6gel die meisten Gesch\u00e4fte auf. Wir haben viele Gesch\u00e4fte besucht. Bei einem Elektronikfachbetrieb gab es verschiedene Werbegeschenke. Au\u00dferdem konnte man sich f\u00fcr kurze Zeit eine Kamera ausleihen. Das fanden wir toll. Die Gesch\u00e4fte am Marktplatz waren sehr sch\u00f6n mit orangen Luftballons geschm\u00fcckt. Der Handel und Gewerbe hat an alle L\u00e4den in S\u00f6gel orange Luftballons verteilt. Insgesamt wurden 5000 Luftballons verteilt. Der verkaufsoffene Sonntag wurde gut angenommen.<\/p>\n<p>Marc Joel Schmitt, Phillipp Dierkes, Luis Hinrichs, Stefan Wigbers<\/p>\n<p><a href=\"https:\/\/www.forum-soegel.de\/information\/wp-content\/uploads\/2010\/06\/Verkaufsoffener-Sonntag-mit-orangen-Luftballons.jpg\"><img loading=\"lazy\" decoding=\"async\" class=\"alignnone size-medium wp-image-2670\" title=\"Verkaufsoffener Sonntag mit orangen Luftballons\" src=\"https:\/\/www.forum-soegel.de\/information\/wp-content\/uploads\/2010\/06\/Verkaufsoffener-Sonntag-mit-orangen-Luftballons-300x225.jpg\" alt=\"\" width=\"300\" height=\"225\" srcset=\"https:\/\/www.forum-soegel.de\/information\/wp-content\/uploads\/2010\/06\/Verkaufsoffener-Sonntag-mit-orangen-Luftballons-300x225.jpg 300w, https:\/\/www.forum-soegel.de\/information\/wp-content\/uploads\/2010\/06\/Verkaufsoffener-Sonntag-mit-orangen-Luftballons.jpg 1024w\" sizes=\"auto, (max-width: 300px) 100vw, 300px\" \/><\/a><\/p>\n","protected":false},"excerpt":{"rendered":"Am 6.Juni hatten in S\u00f6gel die meisten Gesch\u00e4fte auf. Wir haben viele Gesch\u00e4fte besucht. Bei einem Elektronikfachbetrieb gab es verschiedene Werbegeschenke. Au\u00dferdem konnte man sich f\u00fcr kurze Zeit eine Kamera ausleihen. Das fanden wir toll. Die Gesch\u00e4fte am Marktplatz waren sehr sch\u00f6n mit orangen Luftballons geschm\u00fcckt. Der Handel und Gewerbe hat an alle L\u00e4den in [&hellip;]\n","protected":false},"author":2,"featured_media":0,"comment_status":"closed","ping_status":"closed","sticky":false,"template":"","format":"standard","meta":{"ngg_post_thumbnail":0,"footnotes":""},"categories":[276],"tags":[381],"class_list":["post-2669","post","type-post","status-publish","format-standard","hentry","category-jugend-schreibt","tag-verkaufsoffener-sonntag"],"_links":{"self":[{"href":"https:\/\/www.forum-soegel.de\/information\/wp-json\/wp\/v2\/posts\/2669","targetHints":{"allow":["GET"]}}],"collection":[{"href":"https:\/\/www.forum-soegel.de\/information\/wp-json\/wp\/v2\/posts"}],"about":[{"href":"https:\/\/www.forum-soegel.de\/information\/wp-json\/wp\/v2\/types\/post"}],"author":[{"embeddable":true,"href":"https:\/\/www.forum-soegel.de\/information\/wp-json\/wp\/v2\/users\/2"}],"replies":[{"embeddable":true,"href":"https:\/\/www.forum-soegel.de\/information\/wp-json\/wp\/v2\/comments?post=2669"}],"version-history":[{"count":1,"href":"https:\/\/www.forum-soegel.de\/information\/wp-json\/wp\/v2\/posts\/2669\/revisions"}],"predecessor-version":[{"id":2671,"href":"https:\/\/www.forum-soegel.de\/information\/wp-json\/wp\/v2\/posts\/2669\/revisions\/2671"}],"wp:attachment":[{"href":"https:\/\/www.forum-soegel.de\/information\/wp-json\/wp\/v2\/media?parent=2669"}],"wp:term":[{"taxonomy":"category","embeddable":true,"href":"https:\/\/www.forum-soegel.de\/information\/wp-json\/wp\/v2\/categories?post=2669"},{"taxonomy":"post_tag","embeddable":true,"href":"https:\/\/www.forum-soegel.de\/information\/wp-json\/wp\/v2\/tags?post=2669"}],"curies":[{"name":"wp","href":"https:\/\/api.w.org\/{rel}","templated":true}]}}