{"id":2641,"date":"2010-07-01T00:43:17","date_gmt":"2010-06-30T22:43:17","guid":{"rendered":"https:\/\/www.forum-soegel.de\/information\/?p=2641"},"modified":"2010-06-30T20:46:26","modified_gmt":"2010-06-30T18:46:26","slug":"freiwilligendienste-fur-schulabganger","status":"publish","type":"post","link":"https:\/\/www.forum-soegel.de\/information\/2010\/07\/freiwilligendienste-fur-schulabganger\/","title":{"rendered":"Freiwilligendienste f\u00fcr Schulabg\u00e4nger"},"content":{"rendered":"<p>Die Schule am Schloss hat auf Einladung der Religionslehrerin Angela Eilermann die Sch\u00fcler und Sch\u00fclerinnen der Klassen 10 \u00fcber verschiedene Freiwilligendienste informiert, wozu u. a. Jugendbildungsreferentin Christiane Sch\u00fctte einen DIA-Vortrag \u00fcber ihre Arbeit als Missionarin auf Zeit (1 Jahr) in Australien hielt<\/p>\n<p>Claudia Feller von der Arbeitsstelle Freiwilligendienste im Bistum Osnabr\u00fcck stellte im Anschluss daran verschiedene Freiwilligendienste und neue Dienstformen vor, die sich Schulabg\u00e4ngern nach Erf\u00fcllung der Regelschulzeit anbieten w\u00fcrden. Die Arbeitsstelle Freiwilligendienste (ber\u00e4t und informiert interessierte Jugendliche zu allen Fragen rund um Zivil- und Freiwilligendienste.<\/p>\n<p>Neben dem klassischen Angebot eines einj\u00e4hrigen FSJ in einer sozialen Einrichtung im In- bzw. Ausland bietet sich neuerdings auch die M\u00f6glichkeit an, einen Kurzzeitfreiwilligendienst f\u00fcr rund 6 Wochen bis zu 6 Monaten zu absolvieren. Allerdings ist dieser Dienst zun\u00e4chst nur im Rahmen einer Pilotphase begrenzt auf den Landkreis Emsland.<\/p>\n<p>Interessierte Sch\u00fcler\/Innen k\u00f6nnen unter folgender Internetadresse (<a href=\"https:\/\/www.arbeitsstelle-freiwilligendienste.de\/\">www.arbeitsstelle-freiwilligendienste.de<\/a>) \u00a0weitere Informationen erhalten.<\/p>\n<p>Text\/Foto: Gisela Arling<\/p>\n<div id=\"attachment_2642\" style=\"width: 310px\" class=\"wp-caption alignnone\"><a href=\"https:\/\/www.forum-soegel.de\/information\/wp-content\/uploads\/2010\/06\/Freiwilligendienst-f\u00fcr-Schulabg\u00e4nger.jpg\"><img loading=\"lazy\" decoding=\"async\" aria-describedby=\"caption-attachment-2642\" class=\"size-medium wp-image-2642\" title=\"Freiwilligendienst f\u00fcr Schulabg\u00e4nger\" src=\"https:\/\/www.forum-soegel.de\/information\/wp-content\/uploads\/2010\/06\/Freiwilligendienst-f\u00fcr-Schulabg\u00e4nger-300x199.jpg\" alt=\"\" width=\"300\" height=\"199\" srcset=\"https:\/\/www.forum-soegel.de\/information\/wp-content\/uploads\/2010\/06\/Freiwilligendienst-f\u00fcr-Schulabg\u00e4nger-300x199.jpg 300w, https:\/\/www.forum-soegel.de\/information\/wp-content\/uploads\/2010\/06\/Freiwilligendienst-f\u00fcr-Schulabg\u00e4nger.jpg 448w\" sizes=\"auto, (max-width: 300px) 100vw, 300px\" \/><\/a><p id=\"caption-attachment-2642\" class=\"wp-caption-text\">Foto von links nach rechts: Christiane Sch\u00fctte, Claudia Feller u. Angela Eilermann<\/p><\/div>\n","protected":false},"excerpt":{"rendered":"Die Schule am Schloss hat auf Einladung der Religionslehrerin Angela Eilermann die Sch\u00fcler und Sch\u00fclerinnen der Klassen 10 \u00fcber verschiedene Freiwilligendienste informiert, wozu u. a. Jugendbildungsreferentin Christiane Sch\u00fctte einen DIA-Vortrag \u00fcber ihre Arbeit als Missionarin auf Zeit (1 Jahr) in Australien hielt Claudia Feller von der Arbeitsstelle Freiwilligendienste im Bistum Osnabr\u00fcck stellte im Anschluss daran [&hellip;]\n","protected":false},"author":2,"featured_media":0,"comment_status":"closed","ping_status":"closed","sticky":false,"template":"","format":"standard","meta":{"ngg_post_thumbnail":0,"footnotes":""},"categories":[6],"tags":[374],"class_list":["post-2641","post","type-post","status-publish","format-standard","hentry","category-aus-der-schule-geplaudert","tag-freiwilligendienste"],"_links":{"self":[{"href":"https:\/\/www.forum-soegel.de\/information\/wp-json\/wp\/v2\/posts\/2641","targetHints":{"allow":["GET"]}}],"collection":[{"href":"https:\/\/www.forum-soegel.de\/information\/wp-json\/wp\/v2\/posts"}],"about":[{"href":"https:\/\/www.forum-soegel.de\/information\/wp-json\/wp\/v2\/types\/post"}],"author":[{"embeddable":true,"href":"https:\/\/www.forum-soegel.de\/information\/wp-json\/wp\/v2\/users\/2"}],"replies":[{"embeddable":true,"href":"https:\/\/www.forum-soegel.de\/information\/wp-json\/wp\/v2\/comments?post=2641"}],"version-history":[{"count":3,"href":"https:\/\/www.forum-soegel.de\/information\/wp-json\/wp\/v2\/posts\/2641\/revisions"}],"predecessor-version":[{"id":2645,"href":"https:\/\/www.forum-soegel.de\/information\/wp-json\/wp\/v2\/posts\/2641\/revisions\/2645"}],"wp:attachment":[{"href":"https:\/\/www.forum-soegel.de\/information\/wp-json\/wp\/v2\/media?parent=2641"}],"wp:term":[{"taxonomy":"category","embeddable":true,"href":"https:\/\/www.forum-soegel.de\/information\/wp-json\/wp\/v2\/categories?post=2641"},{"taxonomy":"post_tag","embeddable":true,"href":"https:\/\/www.forum-soegel.de\/information\/wp-json\/wp\/v2\/tags?post=2641"}],"curies":[{"name":"wp","href":"https:\/\/api.w.org\/{rel}","templated":true}]}}