{"id":2636,"date":"2010-07-01T00:35:43","date_gmt":"2010-06-30T22:35:43","guid":{"rendered":"https:\/\/www.forum-soegel.de\/information\/?p=2636"},"modified":"2010-06-30T20:38:00","modified_gmt":"2010-06-30T18:38:00","slug":"was-ist-denn-das-grune-in-der-suppe","status":"publish","type":"post","link":"https:\/\/www.forum-soegel.de\/information\/2010\/07\/was-ist-denn-das-grune-in-der-suppe\/","title":{"rendered":"Was ist denn das Gr\u00fcne in der Suppe?"},"content":{"rendered":"<p>Die Kinder vom Kindergarten St. Johannes erarbeiten wichtige Merkmale von Gartenkr\u00e4utern und stellen einen eigenen Kr\u00e4utergarten her.<\/p>\n<p>Die Kinder lernten hierbei die wesentlichen Merkmale von heimischen Gartenkr\u00e4utern, wie z. B. Petersilie, kennen.<\/p>\n<p>Erarbeitet wurden: medizinische Zwecke, Herkunft und Alltagstauglichkeit.<\/p>\n<p>Die Kindergartenkinder sollten die Kr\u00e4uter mit allen Sinnen erleben. Hierzu hatten sie die M\u00f6glichkeit die verschiedenen Kr\u00e4uter anzufassen, zu schmecken, zu f\u00fchlen und zu riechen.<\/p>\n<p>Durch das Anlegen eines eigenen Kr\u00e4utergartens sollte die Freude an der Natur geweckt werden.<\/p>\n<p><a href=\"https:\/\/www.forum-soegel.de\/information\/wp-content\/uploads\/2010\/06\/Was-ist-das-gr\u00fcne-in-der-Suppe.jpg\"><img loading=\"lazy\" decoding=\"async\" class=\"alignnone size-medium wp-image-2637\" title=\"Was ist das gr\u00fcne in der Suppe\" src=\"https:\/\/www.forum-soegel.de\/information\/wp-content\/uploads\/2010\/06\/Was-ist-das-gr\u00fcne-in-der-Suppe-300x225.jpg\" alt=\"\" width=\"300\" height=\"225\" srcset=\"https:\/\/www.forum-soegel.de\/information\/wp-content\/uploads\/2010\/06\/Was-ist-das-gr\u00fcne-in-der-Suppe-300x225.jpg 300w, https:\/\/www.forum-soegel.de\/information\/wp-content\/uploads\/2010\/06\/Was-ist-das-gr\u00fcne-in-der-Suppe.jpg 1024w\" sizes=\"auto, (max-width: 300px) 100vw, 300px\" \/><\/a>\u00a0<\/p>\n<p>Text\/Foto: Kindergartenteam Spahnharrenst\u00e4tte\/Spahnharrenst\u00e4tter-Vereine<\/p>\n","protected":false},"excerpt":{"rendered":"Die Kinder vom Kindergarten St. Johannes erarbeiten wichtige Merkmale von Gartenkr\u00e4utern und stellen einen eigenen Kr\u00e4utergarten her. Die Kinder lernten hierbei die wesentlichen Merkmale von heimischen Gartenkr\u00e4utern, wie z. B. Petersilie, kennen. Erarbeitet wurden: medizinische Zwecke, Herkunft und Alltagstauglichkeit. Die Kindergartenkinder sollten die Kr\u00e4uter mit allen Sinnen erleben. Hierzu hatten sie die M\u00f6glichkeit die verschiedenen [&hellip;]\n","protected":false},"author":2,"featured_media":0,"comment_status":"closed","ping_status":"closed","sticky":false,"template":"","format":"standard","meta":{"ngg_post_thumbnail":0,"footnotes":""},"categories":[6],"tags":[372,371],"class_list":["post-2636","post","type-post","status-publish","format-standard","hentry","category-aus-der-schule-geplaudert","tag-gartenkrauter","tag-suppe"],"_links":{"self":[{"href":"https:\/\/www.forum-soegel.de\/information\/wp-json\/wp\/v2\/posts\/2636","targetHints":{"allow":["GET"]}}],"collection":[{"href":"https:\/\/www.forum-soegel.de\/information\/wp-json\/wp\/v2\/posts"}],"about":[{"href":"https:\/\/www.forum-soegel.de\/information\/wp-json\/wp\/v2\/types\/post"}],"author":[{"embeddable":true,"href":"https:\/\/www.forum-soegel.de\/information\/wp-json\/wp\/v2\/users\/2"}],"replies":[{"embeddable":true,"href":"https:\/\/www.forum-soegel.de\/information\/wp-json\/wp\/v2\/comments?post=2636"}],"version-history":[{"count":1,"href":"https:\/\/www.forum-soegel.de\/information\/wp-json\/wp\/v2\/posts\/2636\/revisions"}],"predecessor-version":[{"id":2638,"href":"https:\/\/www.forum-soegel.de\/information\/wp-json\/wp\/v2\/posts\/2636\/revisions\/2638"}],"wp:attachment":[{"href":"https:\/\/www.forum-soegel.de\/information\/wp-json\/wp\/v2\/media?parent=2636"}],"wp:term":[{"taxonomy":"category","embeddable":true,"href":"https:\/\/www.forum-soegel.de\/information\/wp-json\/wp\/v2\/categories?post=2636"},{"taxonomy":"post_tag","embeddable":true,"href":"https:\/\/www.forum-soegel.de\/information\/wp-json\/wp\/v2\/tags?post=2636"}],"curies":[{"name":"wp","href":"https:\/\/api.w.org\/{rel}","templated":true}]}}