{"id":26334,"date":"2019-03-04T20:09:58","date_gmt":"2019-03-04T19:09:58","guid":{"rendered":"https:\/\/www.forum-soegel.de\/information\/?p=26334"},"modified":"2019-03-04T20:09:58","modified_gmt":"2019-03-04T19:09:58","slug":"landschaftssaeuberungsaktion-der-vereine-und-des-gemeinderates-2","status":"publish","type":"post","link":"https:\/\/www.forum-soegel.de\/information\/2019\/03\/landschaftssaeuberungsaktion-der-vereine-und-des-gemeinderates-2\/","title":{"rendered":"Landschaftss\u00e4uberungsaktion der Vereine und des Gemeinderates"},"content":{"rendered":"<p>S\u00f6gel. Gemeinsam mit den Vereinen wird der Gemeinderat S\u00f6gel am 2. M\u00e4rz eine Landschaftss\u00e4uberungsaktion ab 10 Uhr durchf\u00fchren. Auch Einzelpersonen l\u00e4dt die B\u00fcrgermeisterin Irmgard Welling dazu herzlich ein. \u201eWir alle wollen mit der Durchf\u00fchrung dieser Aktion einen Beitrag zur sauberen S\u00f6geler Flur leisten\u201c, so Welling. Der Treffpunkt ist am Rathaus Ludmillenhof. Seitens der Gemeinde werden M\u00fcllbeutel gestellt, Arbeitshandschuhe sollten selbst mitgebracht werden. Im Anschluss gegen 12:30 Uhr werden alle Helferinnen und Helfer zu einem kleinen Imbiss beim Bauhof der Gemeinde S\u00f6gel eingeladen. Aus organisatorischen Gr\u00fcnden wird um eine Anmeldung bis zum 26.2. bei der Gemeinde S\u00f6gel, Ingrid Cloppenburg, Tel.: 05952-206114 oder <a href=\"mailto:cloppenburg@soegel.de\">cloppenburg@soegel.de<\/a> gebeten. Die Einwohner S\u00f6gels werden gebeten, bereits im Vorfeld die \u00f6ffentlichen Fl\u00e4chen um ihre Grundst\u00fccke von Unrat zu s\u00e4ubern.<\/p>\n<p>&nbsp;<\/p>\n","protected":false},"excerpt":{"rendered":"S\u00f6gel. Gemeinsam mit den Vereinen wird der Gemeinderat S\u00f6gel am 2. M\u00e4rz eine Landschaftss\u00e4uberungsaktion ab 10 Uhr durchf\u00fchren. Auch Einzelpersonen l\u00e4dt die B\u00fcrgermeisterin Irmgard Welling dazu herzlich ein. \u201eWir alle wollen mit der Durchf\u00fchrung dieser Aktion einen Beitrag zur sauberen S\u00f6geler Flur leisten\u201c, so Welling. Der Treffpunkt ist am Rathaus Ludmillenhof. Seitens der Gemeinde werden [&hellip;]\n","protected":false},"author":2,"featured_media":0,"comment_status":"closed","ping_status":"closed","sticky":false,"template":"","format":"standard","meta":{"ngg_post_thumbnail":0,"footnotes":""},"categories":[10],"tags":[],"class_list":["post-26334","post","type-post","status-publish","format-standard","hentry","category-rat-und-verwaltung-informieren"],"_links":{"self":[{"href":"https:\/\/www.forum-soegel.de\/information\/wp-json\/wp\/v2\/posts\/26334","targetHints":{"allow":["GET"]}}],"collection":[{"href":"https:\/\/www.forum-soegel.de\/information\/wp-json\/wp\/v2\/posts"}],"about":[{"href":"https:\/\/www.forum-soegel.de\/information\/wp-json\/wp\/v2\/types\/post"}],"author":[{"embeddable":true,"href":"https:\/\/www.forum-soegel.de\/information\/wp-json\/wp\/v2\/users\/2"}],"replies":[{"embeddable":true,"href":"https:\/\/www.forum-soegel.de\/information\/wp-json\/wp\/v2\/comments?post=26334"}],"version-history":[{"count":1,"href":"https:\/\/www.forum-soegel.de\/information\/wp-json\/wp\/v2\/posts\/26334\/revisions"}],"predecessor-version":[{"id":26335,"href":"https:\/\/www.forum-soegel.de\/information\/wp-json\/wp\/v2\/posts\/26334\/revisions\/26335"}],"wp:attachment":[{"href":"https:\/\/www.forum-soegel.de\/information\/wp-json\/wp\/v2\/media?parent=26334"}],"wp:term":[{"taxonomy":"category","embeddable":true,"href":"https:\/\/www.forum-soegel.de\/information\/wp-json\/wp\/v2\/categories?post=26334"},{"taxonomy":"post_tag","embeddable":true,"href":"https:\/\/www.forum-soegel.de\/information\/wp-json\/wp\/v2\/tags?post=26334"}],"curies":[{"name":"wp","href":"https:\/\/api.w.org\/{rel}","templated":true}]}}