{"id":2633,"date":"2010-07-01T00:28:13","date_gmt":"2010-06-30T22:28:13","guid":{"rendered":"https:\/\/www.forum-soegel.de\/information\/?p=2633"},"modified":"2010-06-30T20:35:30","modified_gmt":"2010-06-30T18:35:30","slug":"streitschlichter-an-der-erich-kastner-schule-in-sogel","status":"publish","type":"post","link":"https:\/\/www.forum-soegel.de\/information\/2010\/07\/streitschlichter-an-der-erich-kastner-schule-in-sogel\/","title":{"rendered":"Streitschlichter an der Erich K\u00e4stner Schule in S\u00f6gel"},"content":{"rendered":"<p>Die Sch\u00fcler der 7. Klasse der Erich K\u00e4stner Schule absolvierten erfolgreich ein Streitschlichterprogramm. Ab dem n\u00e4chsten Schuljahr wollen sie sich ihren Mitsch\u00fclerInnen als Schlichter im Streitfall zur Verf\u00fcgung stellen.<\/p>\n<p>Ein Jahr lang besch\u00e4ftigten sie sich mit Gespr\u00e4chstechniken wie \u201eaktives Zuh\u00f6ren, Selbstvertrauen aufbauen, Feed-back geben und Ich-Botschaften senden\u2026\u201c<\/p>\n<p>Sie sind gut ger\u00fcstet f\u00fcr die Gespr\u00e4chsf\u00fchrung im Streitfall und schon ganz gespannt auf ihren Einsatz im n\u00e4chsten Schuljahr.<\/p>\n<p>Herzlichen Gl\u00fcckwunsch an:<\/p>\n<p>Angelina M\u00f6lich, Tanja Niegengerd, Christian Grundlach, Helmut Reiswich, J\u00fcrgen Stoll, Marco Wimmer, Mark Deinhart, Markus Fendel und Nico Terveer<\/p>\n<p><a href=\"https:\/\/www.forum-soegel.de\/information\/wp-content\/uploads\/2010\/06\/Streitschlichter.jpg\"><img loading=\"lazy\" decoding=\"async\" class=\"alignnone size-medium wp-image-2634\" title=\"Streitschlichter\" src=\"https:\/\/www.forum-soegel.de\/information\/wp-content\/uploads\/2010\/06\/Streitschlichter-300x200.jpg\" alt=\"\" width=\"300\" height=\"200\" srcset=\"https:\/\/www.forum-soegel.de\/information\/wp-content\/uploads\/2010\/06\/Streitschlichter-300x200.jpg 300w, https:\/\/www.forum-soegel.de\/information\/wp-content\/uploads\/2010\/06\/Streitschlichter.jpg 1024w\" sizes=\"auto, (max-width: 300px) 100vw, 300px\" \/><\/a>\u00a0<\/p>\n<p>Text\/Foto: Karin Abeln, Erich K\u00e4stner Schule<\/p>\n","protected":false},"excerpt":{"rendered":"Die Sch\u00fcler der 7. Klasse der Erich K\u00e4stner Schule absolvierten erfolgreich ein Streitschlichterprogramm. Ab dem n\u00e4chsten Schuljahr wollen sie sich ihren Mitsch\u00fclerInnen als Schlichter im Streitfall zur Verf\u00fcgung stellen. Ein Jahr lang besch\u00e4ftigten sie sich mit Gespr\u00e4chstechniken wie \u201eaktives Zuh\u00f6ren, Selbstvertrauen aufbauen, Feed-back geben und Ich-Botschaften senden\u2026\u201c Sie sind gut ger\u00fcstet f\u00fcr die Gespr\u00e4chsf\u00fchrung im [&hellip;]\n","protected":false},"author":2,"featured_media":0,"comment_status":"closed","ping_status":"closed","sticky":false,"template":"","format":"standard","meta":{"ngg_post_thumbnail":0,"footnotes":""},"categories":[6],"tags":[369,370],"class_list":["post-2633","post","type-post","status-publish","format-standard","hentry","category-aus-der-schule-geplaudert","tag-erich-kastner-schule","tag-streitschlichter"],"_links":{"self":[{"href":"https:\/\/www.forum-soegel.de\/information\/wp-json\/wp\/v2\/posts\/2633","targetHints":{"allow":["GET"]}}],"collection":[{"href":"https:\/\/www.forum-soegel.de\/information\/wp-json\/wp\/v2\/posts"}],"about":[{"href":"https:\/\/www.forum-soegel.de\/information\/wp-json\/wp\/v2\/types\/post"}],"author":[{"embeddable":true,"href":"https:\/\/www.forum-soegel.de\/information\/wp-json\/wp\/v2\/users\/2"}],"replies":[{"embeddable":true,"href":"https:\/\/www.forum-soegel.de\/information\/wp-json\/wp\/v2\/comments?post=2633"}],"version-history":[{"count":1,"href":"https:\/\/www.forum-soegel.de\/information\/wp-json\/wp\/v2\/posts\/2633\/revisions"}],"predecessor-version":[{"id":2635,"href":"https:\/\/www.forum-soegel.de\/information\/wp-json\/wp\/v2\/posts\/2633\/revisions\/2635"}],"wp:attachment":[{"href":"https:\/\/www.forum-soegel.de\/information\/wp-json\/wp\/v2\/media?parent=2633"}],"wp:term":[{"taxonomy":"category","embeddable":true,"href":"https:\/\/www.forum-soegel.de\/information\/wp-json\/wp\/v2\/categories?post=2633"},{"taxonomy":"post_tag","embeddable":true,"href":"https:\/\/www.forum-soegel.de\/information\/wp-json\/wp\/v2\/tags?post=2633"}],"curies":[{"name":"wp","href":"https:\/\/api.w.org\/{rel}","templated":true}]}}