{"id":2630,"date":"2010-07-01T00:22:57","date_gmt":"2010-06-30T22:22:57","guid":{"rendered":"https:\/\/www.forum-soegel.de\/information\/?p=2630"},"modified":"2010-06-30T20:28:07","modified_gmt":"2010-06-30T18:28:07","slug":"elterninformationsabend-%e2%80%9espuren-im-netz%e2%80%9c","status":"publish","type":"post","link":"https:\/\/www.forum-soegel.de\/information\/2010\/07\/elterninformationsabend-%e2%80%9espuren-im-netz%e2%80%9c\/","title":{"rendered":"Elterninformationsabend \u201eSpuren im Netz\u201c"},"content":{"rendered":"<p>In Kooperation mit dem Nieders\u00e4chsischen Kooperations- und Bildungsprojekt (NiKo) fand Ende Mai in der Schulmensa ein erster Elterninformationsabend der Schule am Schloss zum Thema \u201eSpuren im Netz\u201c statt, der von vielen interessierten Eltern und zahlreich erschienenen Lehrern sehr gut angenommen wurde.<\/p>\n<p>Nach der Begr\u00fc\u00dfung durch Konrektorin Maria Lau stellte die Klasse R9a ein Projekt vor zum Thema \u201cComputerspiele \u2013 Warum wir nicht zu Amokl\u00e4ufern werden\u201c, wobei es um verschiedene Arten von Computerspielen, Spielzeiten von Jugendlichen und deren Auswirkungen ging.<\/p>\n<p>Nach dieser gelungenen Einf\u00fchrung stellte Wolfgang Knese vom KSB Emsland in seiner 45min\u00fctigen Pr\u00e4sentation die grunds\u00e4tzlichen Bereiche zum Internet, wie z.B. Webserver, Provider, Web 2.0 und andere vor, welche sozialen Netzwerke im Internet vorhanden sind und welche Vor- und Nachteile sie f\u00fcr den Benutzer bringen. \u201eDie digitalen Spuren, die man dabei im Netz hinterl\u00e4sst, werden h\u00e4ufig von potentiellen Arbeitgebern genutzt, um sich ein Bild ihres zuk\u00fcnftigen Auszubildenden oder Arbeiters zu machen, und das auf legale Weise\u201c, erl\u00e4uterte Knese.<\/p>\n<p>An dieser Stelle waren die Eltern am meisten \u00fcberrascht.<\/p>\n<p>Dienststellenleiter Josef Arlinghaus von der \u00f6rtlichen Polizei berichtete \u00fcber Strafm\u00fcndigkeit und Straftatbest\u00e4nden von Kindern und Jugendlichen im Zusammenhang mit dem Internet, aber auch im Umgang mit Gewalt und Drogen. Dar\u00fcber hinaus erw\u00e4hnte er die wichtige Pr\u00e4sentationsarbeit der Polizei, auch in Zusammenarbeit mit der Schule am Schloss. Neben der obligatorischen Verkehrspr\u00e4vention kooperieren beide Teilnehmer in den Bereichen Rollertuning und im Bereich Sozialpr\u00e4vention (Mobbing\/Gewalt).<\/p>\n<p>Die Veranstalter bedankten sich f\u00fcr das Interesse der ca. 60 erschienenen Teilnehmer an diesem ersten Informationsabend und versicherten, auch in Zukunft weiterhin gemeinsam an diesem Thema zu arbeiten.<\/p>\n<p>Text: J\u00fcrgen Jansen, Schule am Schloss<\/p>\n","protected":false},"excerpt":{"rendered":"In Kooperation mit dem Nieders\u00e4chsischen Kooperations- und Bildungsprojekt (NiKo) fand Ende Mai in der Schulmensa ein erster Elterninformationsabend der Schule am Schloss zum Thema \u201eSpuren im Netz\u201c statt, der von vielen interessierten Eltern und zahlreich erschienenen Lehrern sehr gut angenommen wurde. Nach der Begr\u00fc\u00dfung durch Konrektorin Maria Lau stellte die Klasse R9a ein Projekt vor [&hellip;]\n","protected":false},"author":2,"featured_media":0,"comment_status":"closed","ping_status":"closed","sticky":false,"template":"","format":"standard","meta":{"ngg_post_thumbnail":0,"footnotes":""},"categories":[6],"tags":[145],"class_list":["post-2630","post","type-post","status-publish","format-standard","hentry","category-aus-der-schule-geplaudert","tag-schule-am-schloss"],"_links":{"self":[{"href":"https:\/\/www.forum-soegel.de\/information\/wp-json\/wp\/v2\/posts\/2630","targetHints":{"allow":["GET"]}}],"collection":[{"href":"https:\/\/www.forum-soegel.de\/information\/wp-json\/wp\/v2\/posts"}],"about":[{"href":"https:\/\/www.forum-soegel.de\/information\/wp-json\/wp\/v2\/types\/post"}],"author":[{"embeddable":true,"href":"https:\/\/www.forum-soegel.de\/information\/wp-json\/wp\/v2\/users\/2"}],"replies":[{"embeddable":true,"href":"https:\/\/www.forum-soegel.de\/information\/wp-json\/wp\/v2\/comments?post=2630"}],"version-history":[{"count":1,"href":"https:\/\/www.forum-soegel.de\/information\/wp-json\/wp\/v2\/posts\/2630\/revisions"}],"predecessor-version":[{"id":2632,"href":"https:\/\/www.forum-soegel.de\/information\/wp-json\/wp\/v2\/posts\/2630\/revisions\/2632"}],"wp:attachment":[{"href":"https:\/\/www.forum-soegel.de\/information\/wp-json\/wp\/v2\/media?parent=2630"}],"wp:term":[{"taxonomy":"category","embeddable":true,"href":"https:\/\/www.forum-soegel.de\/information\/wp-json\/wp\/v2\/categories?post=2630"},{"taxonomy":"post_tag","embeddable":true,"href":"https:\/\/www.forum-soegel.de\/information\/wp-json\/wp\/v2\/tags?post=2630"}],"curies":[{"name":"wp","href":"https:\/\/api.w.org\/{rel}","templated":true}]}}