{"id":2627,"date":"2010-07-01T00:20:58","date_gmt":"2010-06-30T22:20:58","guid":{"rendered":"https:\/\/www.forum-soegel.de\/information\/?p=2627"},"modified":"2010-06-30T20:22:38","modified_gmt":"2010-06-30T18:22:38","slug":"gesundheit-und-bildung-gehoren-zusammen","status":"publish","type":"post","link":"https:\/\/www.forum-soegel.de\/information\/2010\/07\/gesundheit-und-bildung-gehoren-zusammen\/","title":{"rendered":"Gesundheit und Bildung geh\u00f6ren zusammen"},"content":{"rendered":"<p>Im Familienzentrum St. Jakobus S\u00f6gel fand ein erstes Treffen von Interessierten zum Thema: Gesundheit-Ern\u00e4hrung-Bewegung in der fr\u00fchkindlichen Bildung statt. Unter der Federf\u00fchrung des Nieders\u00e4chsischen Instituts f\u00fcr fr\u00fchkindliche Bildung Regionalnetz S\u00fcdwest in Kooperation mit der Leuphana Universit\u00e4t in L\u00fcneburg soll mit Erzieherinnen und Vertretern anderer Institutionen im Emsland ein lebendiger Dialog rund um das Thema in Gang gesetzt werden. Im Mittelpunkt stehen dabei die verschiedenen Handlungsfelder, in denen in Kitas zum Bewegung Ern\u00e4hrung und Gesundheit gearbeitet wird.<\/p>\n<p>Prof. Dr. Peter Paulus vom Institut Gesundheitswissenschaften stellte in seinem Statement den Blick auf die Kinder in den Mittelpunkt: \u201eEine Gesundheitsbildung mit Erzieherinnen, Eltern kann nur nachhaltig sein, wenn sie in den Alltag passt und in Ritualen mit Kommunikation gelebt wird. Dabei gilt es den Fokus auf das Lebensgef\u00fchl der Kinder und deren Lebenskompetenz zu richten\u201c.<\/p>\n<p>Nach den Ausf\u00fchrungen zur Gesundheitsf\u00f6rderung in der Kita aus der Praxis von der Leiterin der S\u00f6geler Kindertagesst\u00e4tte Irmgard Welling wurde ein Rundgang durch alle R\u00e4umlichkeiten gemacht. Anschlie\u00dfend stellten Michaela Behr vom Landkreis Fachbereich Gesundheit, Jose Driussi (AOK) und Vertreterinnen drei weiterer Kitas Gisela Peters, Sonja Revermann, Ingrid Engelbrink sowie Martina Reichelt ihre Arbeit vor. Die Ern\u00e4hrungsberaterin Martina Dr\u00f6ge berichtete indes \u00fcber bereits bestehende Schulprojekte. Einig waren sich alle Vertreter dar\u00fcber, dass Kinder nicht nur unsere Zukunft sondern auch Gegenwart seien. Es gelte sich jetzt zu engagieren und in die gesellschaftliche Entwicklung zu investieren. Die Arbeitsgruppe wird die Bereiche Kinder, Besch\u00e4ftigte, Eltern und Umfeld in weiteren Treffen in den Blick nehmen. Weitere Treffen sind geplant. N\u00e4here Informationen sind im Netzwerkb\u00fcro des <em>Nieders\u00e4chsischen Institutes f\u00fcr fr\u00fchkindliche Bildung und Entwicklung<\/em><strong> <\/strong>(nifbe) bei Gerlinde Schmidt-Hood unter 05921-961285 zu erhalten.<\/p>\n<p><a href=\"https:\/\/www.forum-soegel.de\/information\/wp-content\/uploads\/2010\/06\/Gesundheit-und-Bildung.jpg\"><img loading=\"lazy\" decoding=\"async\" class=\"alignnone size-medium wp-image-2628\" title=\"Gesundheit und Bildung\" src=\"https:\/\/www.forum-soegel.de\/information\/wp-content\/uploads\/2010\/06\/Gesundheit-und-Bildung-300x225.jpg\" alt=\"\" width=\"300\" height=\"225\" srcset=\"https:\/\/www.forum-soegel.de\/information\/wp-content\/uploads\/2010\/06\/Gesundheit-und-Bildung-300x225.jpg 300w, https:\/\/www.forum-soegel.de\/information\/wp-content\/uploads\/2010\/06\/Gesundheit-und-Bildung.jpg 1024w\" sizes=\"auto, (max-width: 300px) 100vw, 300px\" \/><\/a>\u00a0<\/p>\n<p>Text\/Foto: IC<\/p>\n","protected":false},"excerpt":{"rendered":"Im Familienzentrum St. Jakobus S\u00f6gel fand ein erstes Treffen von Interessierten zum Thema: Gesundheit-Ern\u00e4hrung-Bewegung in der fr\u00fchkindlichen Bildung statt. Unter der Federf\u00fchrung des Nieders\u00e4chsischen Instituts f\u00fcr fr\u00fchkindliche Bildung Regionalnetz S\u00fcdwest in Kooperation mit der Leuphana Universit\u00e4t in L\u00fcneburg soll mit Erzieherinnen und Vertretern anderer Institutionen im Emsland ein lebendiger Dialog rund um das Thema in [&hellip;]\n","protected":false},"author":2,"featured_media":0,"comment_status":"closed","ping_status":"closed","sticky":false,"template":"","format":"standard","meta":{"ngg_post_thumbnail":0,"footnotes":""},"categories":[6],"tags":[],"class_list":["post-2627","post","type-post","status-publish","format-standard","hentry","category-aus-der-schule-geplaudert"],"_links":{"self":[{"href":"https:\/\/www.forum-soegel.de\/information\/wp-json\/wp\/v2\/posts\/2627","targetHints":{"allow":["GET"]}}],"collection":[{"href":"https:\/\/www.forum-soegel.de\/information\/wp-json\/wp\/v2\/posts"}],"about":[{"href":"https:\/\/www.forum-soegel.de\/information\/wp-json\/wp\/v2\/types\/post"}],"author":[{"embeddable":true,"href":"https:\/\/www.forum-soegel.de\/information\/wp-json\/wp\/v2\/users\/2"}],"replies":[{"embeddable":true,"href":"https:\/\/www.forum-soegel.de\/information\/wp-json\/wp\/v2\/comments?post=2627"}],"version-history":[{"count":1,"href":"https:\/\/www.forum-soegel.de\/information\/wp-json\/wp\/v2\/posts\/2627\/revisions"}],"predecessor-version":[{"id":2629,"href":"https:\/\/www.forum-soegel.de\/information\/wp-json\/wp\/v2\/posts\/2627\/revisions\/2629"}],"wp:attachment":[{"href":"https:\/\/www.forum-soegel.de\/information\/wp-json\/wp\/v2\/media?parent=2627"}],"wp:term":[{"taxonomy":"category","embeddable":true,"href":"https:\/\/www.forum-soegel.de\/information\/wp-json\/wp\/v2\/categories?post=2627"},{"taxonomy":"post_tag","embeddable":true,"href":"https:\/\/www.forum-soegel.de\/information\/wp-json\/wp\/v2\/tags?post=2627"}],"curies":[{"name":"wp","href":"https:\/\/api.w.org\/{rel}","templated":true}]}}