{"id":2624,"date":"2010-07-01T00:18:20","date_gmt":"2010-06-30T22:18:20","guid":{"rendered":"https:\/\/www.forum-soegel.de\/information\/?p=2624"},"modified":"2010-06-30T20:20:51","modified_gmt":"2010-06-30T18:20:51","slug":"ja-wir-sind-mit-m-radl-da%e2%80%a6","status":"publish","type":"post","link":"https:\/\/www.forum-soegel.de\/information\/2010\/07\/ja-wir-sind-mit-m-radl-da%e2%80%a6\/","title":{"rendered":"Ja, wir sind mit` m Radl da\u2026"},"content":{"rendered":"<p>So hie\u00df es am Mittwoch, den 2.Juni 2010, in der Grundschule Gro\u00df Ber\u00dfen\/H\u00fcven. Alle Sch\u00fclerinnen und Sch\u00fcler der dritten und vierten Klasse des Standortes H\u00fcven waren mit dem Fahrrad angereist, um an der Radfahrpr\u00fcfung 2010 teilzunehmen. Der Polizeibeamte Hermann Schmitz und weitere Verkehrshelfer standen an den einzelnen Stationen in dem Ort H\u00fcven, um die Verkehrssicherheit der Kinder zu pr\u00fcfen. Die Inhalte waren im Rahmen des Faches Mobilit\u00e4t und des Sachunterrichtes im Vorfeld ge\u00fcbt worden.<\/p>\n<p>Die verkehrstechnischen Aufgabenbereiche waren an diesem Tag je nach Klassenstufe unterschiedlich verteilt.<\/p>\n<p>Die Kinder der Klasse 3 absolvierten den ADAC- Fahrradparcour mit Hindernissen. Hier konnten Sie ihre Geschicklichkeit im Umgang mit dem Fahrrad unter Beweis stellen.<\/p>\n<p>Dabei mussten sie eine Acht und einen Slalom durchfahren. Auch wurde das Geschick beim Spurwechsel und einarmigen Fahren im Kreis gepr\u00fcft. Ihr vorausschauendes Fahren mussten die Kinder beim Bremstest beweisen.<\/p>\n<p>Die Kinder der Klasse 4 dagegen traten zur praktischen Radfahrpr\u00fcfung an.<\/p>\n<p>Hier wurden die Kinder im Realverkehr gepr\u00fcft, so dass an 8 Stationen im Ort H\u00fcven die Verkehrshelfer die Sch\u00fclerinnen und Sch\u00fcler in ihrer Verkehrssicherheit testen. Sie mussten an einem parkenden PKW vorbeifahren, eine Kreuzung \u00fcberqueren, direkt und indirekt Linksabbiegen und ein Stoppschild beachten. Dabei kam es besonders auf das Anwenden der erlernten Strategien zum sicheren Verhalten im Stra\u00dfenverkehr an. Zu diesen z\u00e4hlen der Schulterblick, das Anzeigen des Wechsels der Fahrtrichtung, das Aufsteigen von rechts und die Beachtung der Verkehrszeichen.<\/p>\n<p>In diesem Projekt wird das Kollegium der Schule tatkr\u00e4ftig von der Elternschaft unterst\u00fctzt.<\/p>\n<p>Die j\u00e4hrliche Radfahrpr\u00fcfung geh\u00f6rt neben weiteren Verkehrssicherheitsprojekten seit zehn Jahren zu den festen Handlungsfeldern der Schule und ist somit im Schulprogramm verankert.<\/p>\n<p>Die Schulleiterin Frau Wigbers \u00fcberreichte zum Abschluss dieses aufregenden Schultages allen Kindern eine Urkunde. Herr Schmitz von der Polizeidienststelle S\u00f6gel gratulierte allen Kindern und w\u00fcnschte ihnen \u201eAllzeit gute Fahrt\u201c.<\/p>\n<p>\u00a0<a href=\"https:\/\/www.forum-soegel.de\/information\/wp-content\/uploads\/2010\/06\/Zeitung-Radfahrpr\u00fcfung.jpg\"><img loading=\"lazy\" decoding=\"async\" class=\"alignnone size-medium wp-image-2625\" title=\"Zeitung Radfahrpr\u00fcfung\" src=\"https:\/\/www.forum-soegel.de\/information\/wp-content\/uploads\/2010\/06\/Zeitung-Radfahrpr\u00fcfung-300x225.jpg\" alt=\"\" width=\"300\" height=\"225\" srcset=\"https:\/\/www.forum-soegel.de\/information\/wp-content\/uploads\/2010\/06\/Zeitung-Radfahrpr\u00fcfung-300x225.jpg 300w, https:\/\/www.forum-soegel.de\/information\/wp-content\/uploads\/2010\/06\/Zeitung-Radfahrpr\u00fcfung.jpg 1024w\" sizes=\"auto, (max-width: 300px) 100vw, 300px\" \/><\/a><\/p>\n<p>Text\/Foto: Mechthild Wigbers<\/p>\n","protected":false},"excerpt":{"rendered":"So hie\u00df es am Mittwoch, den 2.Juni 2010, in der Grundschule Gro\u00df Ber\u00dfen\/H\u00fcven. Alle Sch\u00fclerinnen und Sch\u00fcler der dritten und vierten Klasse des Standortes H\u00fcven waren mit dem Fahrrad angereist, um an der Radfahrpr\u00fcfung 2010 teilzunehmen. Der Polizeibeamte Hermann Schmitz und weitere Verkehrshelfer standen an den einzelnen Stationen in dem Ort H\u00fcven, um die Verkehrssicherheit [&hellip;]\n","protected":false},"author":2,"featured_media":0,"comment_status":"closed","ping_status":"closed","sticky":false,"template":"","format":"standard","meta":{"ngg_post_thumbnail":0,"footnotes":""},"categories":[6],"tags":[367,368],"class_list":["post-2624","post","type-post","status-publish","format-standard","hentry","category-aus-der-schule-geplaudert","tag-grundschule","tag-verkehrssicherheit"],"_links":{"self":[{"href":"https:\/\/www.forum-soegel.de\/information\/wp-json\/wp\/v2\/posts\/2624","targetHints":{"allow":["GET"]}}],"collection":[{"href":"https:\/\/www.forum-soegel.de\/information\/wp-json\/wp\/v2\/posts"}],"about":[{"href":"https:\/\/www.forum-soegel.de\/information\/wp-json\/wp\/v2\/types\/post"}],"author":[{"embeddable":true,"href":"https:\/\/www.forum-soegel.de\/information\/wp-json\/wp\/v2\/users\/2"}],"replies":[{"embeddable":true,"href":"https:\/\/www.forum-soegel.de\/information\/wp-json\/wp\/v2\/comments?post=2624"}],"version-history":[{"count":1,"href":"https:\/\/www.forum-soegel.de\/information\/wp-json\/wp\/v2\/posts\/2624\/revisions"}],"predecessor-version":[{"id":2626,"href":"https:\/\/www.forum-soegel.de\/information\/wp-json\/wp\/v2\/posts\/2624\/revisions\/2626"}],"wp:attachment":[{"href":"https:\/\/www.forum-soegel.de\/information\/wp-json\/wp\/v2\/media?parent=2624"}],"wp:term":[{"taxonomy":"category","embeddable":true,"href":"https:\/\/www.forum-soegel.de\/information\/wp-json\/wp\/v2\/categories?post=2624"},{"taxonomy":"post_tag","embeddable":true,"href":"https:\/\/www.forum-soegel.de\/information\/wp-json\/wp\/v2\/tags?post=2624"}],"curies":[{"name":"wp","href":"https:\/\/api.w.org\/{rel}","templated":true}]}}