{"id":2621,"date":"2010-08-01T00:15:17","date_gmt":"2010-07-31T22:15:17","guid":{"rendered":"https:\/\/www.forum-soegel.de\/information\/?p=2621"},"modified":"2010-08-08T18:35:24","modified_gmt":"2010-08-08T16:35:24","slug":"mitgliederversammlung-des-vereins-unsere-welt-eine-welt","status":"publish","type":"post","link":"https:\/\/www.forum-soegel.de\/information\/2010\/08\/mitgliederversammlung-des-vereins-unsere-welt-eine-welt\/","title":{"rendered":"Mitgliederversammlung des Vereins Unsere Welt &#8211; Eine Welt"},"content":{"rendered":"<p>Die Mitgliederversammlung des Vereins \u201eUnsere Welt- Eine Welt\u201c konnte auf ein ereignisreiches Jahr zur\u00fcckschauen: Das 20j\u00e4hrige Bestehen seines Weltladens war mit einer Informations-Ausstellung und mit einem gro\u00dfen Fest gefeiert worden; die Sonderverk\u00e4ufe zur S\u00f6geler Kirmes und auf dem Weihnachtsmarkt, aber auch die verschiedenen F\u00fchrungen durch den Weltladen waren sehr erfolgreich; der Marktwagen des Weltladenvereins ist nach wie vor Anlaufstelle vieler Besucher des Wochenmarktes und auch die ganz normale Weltladenarbeit kann sich sehen lassen, res\u00fcmierte Vorsitzender Christof Willeke.<\/p>\n<p>Die Jugendwartin des Vereins, Annette Jellinghaus, berichtete den Vereinsmitgliedern, wie verantwortungsbewusst und zuverl\u00e4ssig die 28 Jugendlichen nachmittags ihren Ladendienst versehen, so dass die umfangreichen \u00d6ffnungszeiten (Mo-Fr.: 10-12 Uhr und 15-18 Uhr, Sa: 10-12 Uhr) aufrecht erhalten werden k\u00f6nnen. Der Vorstand und die Mitglieder des Vereins dankten den Jugendlichen mit einem kleinen Geschenk.<\/p>\n<p>Der Verein hatte zu seiner Hauptversammlung Johannes Sprunk vom F\u00f6rderkreis Tilapia Emsland e.V. eingeladen, der eindrucksvoll von dessen Entwicklungsarbeit im Kongo (vor allem Aufbau und Bewirtschaftung von Fischteichen) erz\u00e4hlte. Nachdem der Referent weitere Fragen aus der Zuh\u00f6rerschaft beantwortet hatte, wurden er und alle Anwesenden vom Vorsitzenden zu dem reichhaltigen Imbiss \u00e1 la Fairer Handel eingeladen, f\u00fcr den viele Mitglieder ihre leckere Spende zubereitet hatten.<\/p>\n<p>Es wurde beschlossen, dass der Verein seine Spenden weiterhin in ein Projekt zur Unterst\u00fctzung der Vieh haltenden Bev\u00f6lkerung in T\u00e9ra, Niger, und in eine klinische Ambulanz in Dakar (deren Notwendigkeit Hermann Kock nach seinem Besuch dort nachdr\u00fccklich betonte) investieren wird.<\/p>\n<p>Die stellvertretende Vorsitzende, Claudia Grote, die Kassenwartin, Ingrid Grie\u00df, sowie die Jugendwartin, Annette Jellinghaus, einstimmig in ihren \u00c4mtern best\u00e4tigt, was in allen F\u00e4llen von der Versammlung mit gro\u00dfem Applaus begr\u00fc\u00dft wurde.<\/p>\n<table border=\"1\" cellspacing=\"0\" cellpadding=\"0\">\n<tbody>\n<tr>\n<td width=\"699\" valign=\"top\"><strong>Vereinsportr\u00e4t<\/strong><\/p>\n<p><strong>Name:<\/strong> \u201eUnsere Welt \u2013 eine Welt\u201c S\u00f6gel<\/p>\n<p><strong>Gr\u00fcndung:<\/strong> 1989<\/p>\n<p><strong>Mitglieder<\/strong>: 70<\/p>\n<p><strong>Vorsitzender:<\/strong> Christof Willeke<\/p>\n<p><strong>Kontakt:<\/strong> 05952\/519<\/p>\n<p><strong>Termine:<\/strong> Offener Ladentreff f\u00fcr Interessierte am 1. Dienstag im Monat, 20 Uhr<\/td>\n<\/tr>\n<\/tbody>\n<\/table>\n<p>\u00a0<\/p>\n<div id=\"attachment_2622\" style=\"width: 310px\" class=\"wp-caption alignnone\"><a href=\"https:\/\/www.forum-soegel.de\/information\/wp-content\/uploads\/2010\/06\/UnsereWeltEineWeltGV2010.jpg\"><img loading=\"lazy\" decoding=\"async\" aria-describedby=\"caption-attachment-2622\" class=\"size-medium wp-image-2622\" title=\"UnsereWeltEineWeltGV2010\" src=\"https:\/\/www.forum-soegel.de\/information\/wp-content\/uploads\/2010\/06\/UnsereWeltEineWeltGV2010-300x272.jpg\" alt=\"\" width=\"300\" height=\"272\" srcset=\"https:\/\/www.forum-soegel.de\/information\/wp-content\/uploads\/2010\/06\/UnsereWeltEineWeltGV2010-300x272.jpg 300w, https:\/\/www.forum-soegel.de\/information\/wp-content\/uploads\/2010\/06\/UnsereWeltEineWeltGV2010.jpg 845w\" sizes=\"auto, (max-width: 300px) 100vw, 300px\" \/><\/a><p id=\"caption-attachment-2622\" class=\"wp-caption-text\">Auf dem Foto sind von links zusehen: Schriftf\u00fchrerin Elfriede Binner, stellv. Vorsitzende Claudia Grote, 1. Vorsitzender Christof Willeke, Jugendwartin Annette Jellinghaus und Kassenwartin Ingrid Grie\u00df.<\/p><\/div>\n","protected":false},"excerpt":{"rendered":"Die Mitgliederversammlung des Vereins \u201eUnsere Welt- Eine Welt\u201c konnte auf ein ereignisreiches Jahr zur\u00fcckschauen: Das 20j\u00e4hrige Bestehen seines Weltladens war mit einer Informations-Ausstellung und mit einem gro\u00dfen Fest gefeiert worden; die Sonderverk\u00e4ufe zur S\u00f6geler Kirmes und auf dem Weihnachtsmarkt, aber auch die verschiedenen F\u00fchrungen durch den Weltladen waren sehr erfolgreich; der Marktwagen des Weltladenvereins ist [&hellip;]\n","protected":false},"author":2,"featured_media":0,"comment_status":"closed","ping_status":"closed","sticky":false,"template":"","format":"standard","meta":{"ngg_post_thumbnail":0,"footnotes":""},"categories":[5],"tags":[366],"class_list":["post-2621","post","type-post","status-publish","format-standard","hentry","category-was-machen-die-vereine","tag-unsere-welt"],"_links":{"self":[{"href":"https:\/\/www.forum-soegel.de\/information\/wp-json\/wp\/v2\/posts\/2621","targetHints":{"allow":["GET"]}}],"collection":[{"href":"https:\/\/www.forum-soegel.de\/information\/wp-json\/wp\/v2\/posts"}],"about":[{"href":"https:\/\/www.forum-soegel.de\/information\/wp-json\/wp\/v2\/types\/post"}],"author":[{"embeddable":true,"href":"https:\/\/www.forum-soegel.de\/information\/wp-json\/wp\/v2\/users\/2"}],"replies":[{"embeddable":true,"href":"https:\/\/www.forum-soegel.de\/information\/wp-json\/wp\/v2\/comments?post=2621"}],"version-history":[{"count":2,"href":"https:\/\/www.forum-soegel.de\/information\/wp-json\/wp\/v2\/posts\/2621\/revisions"}],"predecessor-version":[{"id":2978,"href":"https:\/\/www.forum-soegel.de\/information\/wp-json\/wp\/v2\/posts\/2621\/revisions\/2978"}],"wp:attachment":[{"href":"https:\/\/www.forum-soegel.de\/information\/wp-json\/wp\/v2\/media?parent=2621"}],"wp:term":[{"taxonomy":"category","embeddable":true,"href":"https:\/\/www.forum-soegel.de\/information\/wp-json\/wp\/v2\/categories?post=2621"},{"taxonomy":"post_tag","embeddable":true,"href":"https:\/\/www.forum-soegel.de\/information\/wp-json\/wp\/v2\/tags?post=2621"}],"curies":[{"name":"wp","href":"https:\/\/api.w.org\/{rel}","templated":true}]}}