{"id":2598,"date":"2010-07-01T00:33:09","date_gmt":"2010-06-30T22:33:09","guid":{"rendered":"https:\/\/www.forum-soegel.de\/information\/?p=2598"},"modified":"2010-06-30T19:36:58","modified_gmt":"2010-06-30T17:36:58","slug":"absteigen-in-sogel","status":"publish","type":"post","link":"https:\/\/www.forum-soegel.de\/information\/2010\/07\/absteigen-in-sogel\/","title":{"rendered":"Absteigen in S\u00f6gel"},"content":{"rendered":"<p>Die \u201eAbsteige\u201c war die Geschichts- und Zukunftswerkstatt. Neunzehn Damen und Herren verlie\u00dfen dort am 25.5.2010 den Fahrradsattel. Es handelte sich um Mitglieder des Heimatvereins Lathen. Sie hatten mit Herrn Redenius-Heber eine Radtour nach S\u00f6gel unternommen. Ihr Weg f\u00fchrte sie in die Werkstatt, wo sie herzlich willkommen waren. Zur St\u00e4rkung wurden Kaffee, Tee und Kuchen serviert. Der Forumsvorsitzende Bernd Eggert erl\u00e4uterte das Forum und seine Ziele sowie Methoden.<\/p>\n<p>Bernd Schulte stellte mit Lichtbildern verschiedene in S\u00f6gel erhaltene Baustile am Beispiel von H\u00e4usern, Hausteilen und T\u00fcren vor. Der Bogen spannte sich vom Biedermeier \u00fcber Neoklassizismus, Neobarock bis zum Jugendstil. Im Rahmen einer intensiven F\u00fchrung wurde die Werkstatt besichtigt und erkl\u00e4rt.<\/p>\n<p>Die Damen und Herren hatten trotz der anstrengenden Radtour noch gen\u00fcgend Puste, um \u00fcber eine Stunde nicht nur den einzelnen Vortr\u00e4gen zu lauschen, sondern viele interessierte Fragen zu stellen und sachkundige Kommentare abzugeben.<\/p>\n<p>Das einstimmige Votum der &#8222;Kulturradler&#8220; war, es habe sehr gut gefallen, man wolle wiederkommen und die Werkstatt weiter empfehlen.<\/p>\n<p><a href=\"https:\/\/www.forum-soegel.de\/information\/wp-content\/uploads\/2010\/06\/Wekstattbesuche3.jpg\"><img loading=\"lazy\" decoding=\"async\" class=\"alignnone size-thumbnail wp-image-2599\" title=\"Wekstattbesuche3\" src=\"https:\/\/www.forum-soegel.de\/information\/wp-content\/uploads\/2010\/06\/Wekstattbesuche3-150x150.jpg\" alt=\"\" width=\"150\" height=\"150\" \/><\/a>\u00a0 <a href=\"https:\/\/www.forum-soegel.de\/information\/wp-content\/uploads\/2010\/06\/Wekstattbesuche2.jpg\"><img loading=\"lazy\" decoding=\"async\" class=\"alignnone size-thumbnail wp-image-2600\" title=\"Wekstattbesuche2\" src=\"https:\/\/www.forum-soegel.de\/information\/wp-content\/uploads\/2010\/06\/Wekstattbesuche2-150x150.jpg\" alt=\"\" width=\"150\" height=\"150\" \/><\/a>\u00a0 <a href=\"https:\/\/www.forum-soegel.de\/information\/wp-content\/uploads\/2010\/06\/Wekstattbesuche31.jpg\"><img loading=\"lazy\" decoding=\"async\" class=\"alignnone size-thumbnail wp-image-2601\" title=\"Wekstattbesuche3\" src=\"https:\/\/www.forum-soegel.de\/information\/wp-content\/uploads\/2010\/06\/Wekstattbesuche31-150x150.jpg\" alt=\"\" width=\"150\" height=\"150\" \/><\/a>\u00a0<\/p>\n<p>Text\/Foto: Uwe M\u00fcller<\/p>\n","protected":false},"excerpt":{"rendered":"Die \u201eAbsteige\u201c war die Geschichts- und Zukunftswerkstatt. Neunzehn Damen und Herren verlie\u00dfen dort am 25.5.2010 den Fahrradsattel. Es handelte sich um Mitglieder des Heimatvereins Lathen. Sie hatten mit Herrn Redenius-Heber eine Radtour nach S\u00f6gel unternommen. Ihr Weg f\u00fchrte sie in die Werkstatt, wo sie herzlich willkommen waren. Zur St\u00e4rkung wurden Kaffee, Tee und Kuchen serviert. [&hellip;]\n","protected":false},"author":2,"featured_media":0,"comment_status":"closed","ping_status":"closed","sticky":false,"template":"","format":"standard","meta":{"ngg_post_thumbnail":0,"footnotes":""},"categories":[5],"tags":[156],"class_list":["post-2598","post","type-post","status-publish","format-standard","hentry","category-was-machen-die-vereine","tag-forum-sogel"],"_links":{"self":[{"href":"https:\/\/www.forum-soegel.de\/information\/wp-json\/wp\/v2\/posts\/2598","targetHints":{"allow":["GET"]}}],"collection":[{"href":"https:\/\/www.forum-soegel.de\/information\/wp-json\/wp\/v2\/posts"}],"about":[{"href":"https:\/\/www.forum-soegel.de\/information\/wp-json\/wp\/v2\/types\/post"}],"author":[{"embeddable":true,"href":"https:\/\/www.forum-soegel.de\/information\/wp-json\/wp\/v2\/users\/2"}],"replies":[{"embeddable":true,"href":"https:\/\/www.forum-soegel.de\/information\/wp-json\/wp\/v2\/comments?post=2598"}],"version-history":[{"count":1,"href":"https:\/\/www.forum-soegel.de\/information\/wp-json\/wp\/v2\/posts\/2598\/revisions"}],"predecessor-version":[{"id":2602,"href":"https:\/\/www.forum-soegel.de\/information\/wp-json\/wp\/v2\/posts\/2598\/revisions\/2602"}],"wp:attachment":[{"href":"https:\/\/www.forum-soegel.de\/information\/wp-json\/wp\/v2\/media?parent=2598"}],"wp:term":[{"taxonomy":"category","embeddable":true,"href":"https:\/\/www.forum-soegel.de\/information\/wp-json\/wp\/v2\/categories?post=2598"},{"taxonomy":"post_tag","embeddable":true,"href":"https:\/\/www.forum-soegel.de\/information\/wp-json\/wp\/v2\/tags?post=2598"}],"curies":[{"name":"wp","href":"https:\/\/api.w.org\/{rel}","templated":true}]}}