{"id":2594,"date":"2010-07-01T00:28:02","date_gmt":"2010-06-30T22:28:02","guid":{"rendered":"https:\/\/www.forum-soegel.de\/information\/?p=2594"},"modified":"2010-07-03T06:32:10","modified_gmt":"2010-07-03T04:32:10","slug":"neue-trikots-fur-die-1-herren-des-sv-eistenhuven","status":"publish","type":"post","link":"https:\/\/www.forum-soegel.de\/information\/2010\/07\/neue-trikots-fur-die-1-herren-des-sv-eistenhuven\/","title":{"rendered":"Neue Trikots f\u00fcr die 1. Herren des SV Eisten\/H\u00fcven"},"content":{"rendered":"<p>Mit einem neuen Satz Trikots geht die Herrenmannschaft des SV Eisten\/H\u00fcven in die Saison 2010\/2011. Vor dem Punktspiel der 1. Kreisklasse Nord zwischen dem SV Eisten\/H\u00fcven und Eintracht B\u00f6rger wurden diese durch die Allianz-Vertretung Lager und Vagedes an die Mannschaft \u00fcberreicht. Die Mannschaft bedankte sich mit einem Blumenstrau\u00df f\u00fcr die gro\u00dfz\u00fcgige Unterst\u00fctzung durch die Allianz-Vetretung Lager und Vagedes. Foto zeigt die Herrenmannschaft des SV Eisten\/H\u00fcven und die Allianz-Vertretung Lager und Vagedes.<\/p>\n<p>Text\/Foto: Rainer Hinrichs<\/p>\n<p><a href=\"https:\/\/www.forum-soegel.de\/information\/wp-content\/uploads\/2010\/07\/SV-Eisten-H\u00fcven1.jpeg\"><img loading=\"lazy\" decoding=\"async\" class=\"alignnone size-medium wp-image-2765\" title=\"SV Eisten H\u00fcven\" src=\"https:\/\/www.forum-soegel.de\/information\/wp-content\/uploads\/2010\/07\/SV-Eisten-H\u00fcven1-300x225.jpg\" alt=\"\" width=\"300\" height=\"225\" srcset=\"https:\/\/www.forum-soegel.de\/information\/wp-content\/uploads\/2010\/07\/SV-Eisten-H\u00fcven1-300x225.jpg 300w, https:\/\/www.forum-soegel.de\/information\/wp-content\/uploads\/2010\/07\/SV-Eisten-H\u00fcven1.jpeg 1024w\" sizes=\"auto, (max-width: 300px) 100vw, 300px\" \/><\/a><\/p>\n","protected":false},"excerpt":{"rendered":"Mit einem neuen Satz Trikots geht die Herrenmannschaft des SV Eisten\/H\u00fcven in die Saison 2010\/2011. Vor dem Punktspiel der 1. Kreisklasse Nord zwischen dem SV Eisten\/H\u00fcven und Eintracht B\u00f6rger wurden diese durch die Allianz-Vertretung Lager und Vagedes an die Mannschaft \u00fcberreicht. Die Mannschaft bedankte sich mit einem Blumenstrau\u00df f\u00fcr die gro\u00dfz\u00fcgige Unterst\u00fctzung durch die Allianz-Vetretung [&hellip;]\n","protected":false},"author":2,"featured_media":0,"comment_status":"closed","ping_status":"closed","sticky":false,"template":"","format":"standard","meta":{"ngg_post_thumbnail":0,"footnotes":""},"categories":[5],"tags":[311,364],"class_list":["post-2594","post","type-post","status-publish","format-standard","hentry","category-was-machen-die-vereine","tag-sv-eistenhuven","tag-trikot"],"_links":{"self":[{"href":"https:\/\/www.forum-soegel.de\/information\/wp-json\/wp\/v2\/posts\/2594","targetHints":{"allow":["GET"]}}],"collection":[{"href":"https:\/\/www.forum-soegel.de\/information\/wp-json\/wp\/v2\/posts"}],"about":[{"href":"https:\/\/www.forum-soegel.de\/information\/wp-json\/wp\/v2\/types\/post"}],"author":[{"embeddable":true,"href":"https:\/\/www.forum-soegel.de\/information\/wp-json\/wp\/v2\/users\/2"}],"replies":[{"embeddable":true,"href":"https:\/\/www.forum-soegel.de\/information\/wp-json\/wp\/v2\/comments?post=2594"}],"version-history":[{"count":7,"href":"https:\/\/www.forum-soegel.de\/information\/wp-json\/wp\/v2\/posts\/2594\/revisions"}],"predecessor-version":[{"id":2757,"href":"https:\/\/www.forum-soegel.de\/information\/wp-json\/wp\/v2\/posts\/2594\/revisions\/2757"}],"wp:attachment":[{"href":"https:\/\/www.forum-soegel.de\/information\/wp-json\/wp\/v2\/media?parent=2594"}],"wp:term":[{"taxonomy":"category","embeddable":true,"href":"https:\/\/www.forum-soegel.de\/information\/wp-json\/wp\/v2\/categories?post=2594"},{"taxonomy":"post_tag","embeddable":true,"href":"https:\/\/www.forum-soegel.de\/information\/wp-json\/wp\/v2\/tags?post=2594"}],"curies":[{"name":"wp","href":"https:\/\/api.w.org\/{rel}","templated":true}]}}