{"id":2586,"date":"2010-07-01T00:13:11","date_gmt":"2010-06-30T22:13:11","guid":{"rendered":"https:\/\/www.forum-soegel.de\/information\/?p=2586"},"modified":"2010-06-30T19:27:17","modified_gmt":"2010-06-30T17:27:17","slug":"kolping-kochkurs","status":"publish","type":"post","link":"https:\/\/www.forum-soegel.de\/information\/2010\/07\/kolping-kochkurs\/","title":{"rendered":"Kolping Kochkurs"},"content":{"rendered":"<p>Nach l\u00e4ngerer Zeit mal wieder im Angebot der Kolpingfamilie S\u00f6gel-Stavern:<\/p>\n<p>ein Kochkurs nur f\u00fcr M\u00e4nner.<\/p>\n<p>Ohne gro\u00df daf\u00fcr werben zu m\u00fcssen, war der Kurs\u00a0 sehr schnell ausgebucht. So trafen sich an 4 Abenden\u00a0 im April und Mai 12 M\u00e4nner in der Erich-K\u00e4stner-Schule zum gemeinsamen Kochen. Unter der Anleitung und Hilfe von David Steinke, K\u00fcchenchef bei der Bundeswehr, gelang es, sowohl einfache Gerichte als auch mehrg\u00e4ngige Men\u00fcs inkl. Vor- und Nachspeisen, zu zaubern. Bei jeweilig anschlie\u00dfenden Verzehr konnten die Teilnehmer feststellen, dass Ihnen \u00e4u\u00dferst schmackhafte Gerichte gelungen waren.<\/p>\n<p>Vieles konnte man durchaus als Delikatesse bezeichnen. Alle 4 Abende liefen in einer lockeren Atmosph\u00e4re ab, so dass man viel Spa\u00df miteinander hatte. Die Teilnehmer regten an, einen Kurs f\u00fcr\u00a0 <strong>&#8222;schon etwas Fortgeschrittene&#8220;<\/strong><strong>\u00a0<\/strong> folgen zu lassen.\u00a0 Zum Abschluss wurden die Teilnehmer passend f\u00fcr ein Gemeinschaftsfoto eingekleidet.<br \/>\nAlle Teilnehmer erhielten im Nachhinein eine kleine Brosch\u00fcre mit allen Rezepten des Kochkurses.<br \/>\nAuf Grund der sehr positiven Reaktionen kann es durchaus sein, dass es von Seiten der Kolpingfamilie hei\u00dft <strong>: <\/strong><strong>Fortsetzung folgt &#8230;&#8230;<\/strong><strong>\u00a0<\/strong>\u00a0<\/p>\n<p><a href=\"https:\/\/www.forum-soegel.de\/information\/wp-content\/uploads\/2010\/06\/Kolping-kochk1.jpg\"><img loading=\"lazy\" decoding=\"async\" class=\"alignnone size-thumbnail wp-image-2587\" title=\"Kolping kochk1\" src=\"https:\/\/www.forum-soegel.de\/information\/wp-content\/uploads\/2010\/06\/Kolping-kochk1-150x150.jpg\" alt=\"\" width=\"150\" height=\"150\" \/><\/a>\u00a0 <a href=\"https:\/\/www.forum-soegel.de\/information\/wp-content\/uploads\/2010\/06\/Kolping-kochk2.jpg\"><img loading=\"lazy\" decoding=\"async\" class=\"alignnone size-thumbnail wp-image-2588\" title=\"Kolping kochk2\" src=\"https:\/\/www.forum-soegel.de\/information\/wp-content\/uploads\/2010\/06\/Kolping-kochk2-150x150.jpg\" alt=\"\" width=\"150\" height=\"150\" \/><\/a>\u00a0 <a href=\"https:\/\/www.forum-soegel.de\/information\/wp-content\/uploads\/2010\/06\/Kolping-kochk3.jpg\"><img loading=\"lazy\" decoding=\"async\" class=\"alignnone size-thumbnail wp-image-2589\" title=\"Kolping kochk3\" src=\"https:\/\/www.forum-soegel.de\/information\/wp-content\/uploads\/2010\/06\/Kolping-kochk3-150x150.jpg\" alt=\"\" width=\"150\" height=\"150\" \/><\/a><br \/>\nText\/Foto: Karl-Heinz Kenning Vorsitzender der Kolpingfamilie<\/p>\n","protected":false},"excerpt":{"rendered":"Nach l\u00e4ngerer Zeit mal wieder im Angebot der Kolpingfamilie S\u00f6gel-Stavern: ein Kochkurs nur f\u00fcr M\u00e4nner. Ohne gro\u00df daf\u00fcr werben zu m\u00fcssen, war der Kurs\u00a0 sehr schnell ausgebucht. So trafen sich an 4 Abenden\u00a0 im April und Mai 12 M\u00e4nner in der Erich-K\u00e4stner-Schule zum gemeinsamen Kochen. Unter der Anleitung und Hilfe von David Steinke, K\u00fcchenchef bei [&hellip;]\n","protected":false},"author":2,"featured_media":0,"comment_status":"closed","ping_status":"closed","sticky":false,"template":"","format":"standard","meta":{"ngg_post_thumbnail":0,"footnotes":""},"categories":[5],"tags":[363,192],"class_list":["post-2586","post","type-post","status-publish","format-standard","hentry","category-was-machen-die-vereine","tag-kochkurs","tag-kolping"],"_links":{"self":[{"href":"https:\/\/www.forum-soegel.de\/information\/wp-json\/wp\/v2\/posts\/2586","targetHints":{"allow":["GET"]}}],"collection":[{"href":"https:\/\/www.forum-soegel.de\/information\/wp-json\/wp\/v2\/posts"}],"about":[{"href":"https:\/\/www.forum-soegel.de\/information\/wp-json\/wp\/v2\/types\/post"}],"author":[{"embeddable":true,"href":"https:\/\/www.forum-soegel.de\/information\/wp-json\/wp\/v2\/users\/2"}],"replies":[{"embeddable":true,"href":"https:\/\/www.forum-soegel.de\/information\/wp-json\/wp\/v2\/comments?post=2586"}],"version-history":[{"count":4,"href":"https:\/\/www.forum-soegel.de\/information\/wp-json\/wp\/v2\/posts\/2586\/revisions"}],"predecessor-version":[{"id":2592,"href":"https:\/\/www.forum-soegel.de\/information\/wp-json\/wp\/v2\/posts\/2586\/revisions\/2592"}],"wp:attachment":[{"href":"https:\/\/www.forum-soegel.de\/information\/wp-json\/wp\/v2\/media?parent=2586"}],"wp:term":[{"taxonomy":"category","embeddable":true,"href":"https:\/\/www.forum-soegel.de\/information\/wp-json\/wp\/v2\/categories?post=2586"},{"taxonomy":"post_tag","embeddable":true,"href":"https:\/\/www.forum-soegel.de\/information\/wp-json\/wp\/v2\/tags?post=2586"}],"curies":[{"name":"wp","href":"https:\/\/api.w.org\/{rel}","templated":true}]}}