{"id":2573,"date":"2010-07-01T00:20:07","date_gmt":"2010-06-30T22:20:07","guid":{"rendered":"https:\/\/www.forum-soegel.de\/information\/?p=2573"},"modified":"2010-06-30T09:23:02","modified_gmt":"2010-06-30T07:23:02","slug":"matthias-vos-neuer-evangelischer-pastor-in-der-markusgemeinde-sogel","status":"publish","type":"post","link":"https:\/\/www.forum-soegel.de\/information\/2010\/07\/matthias-vos-neuer-evangelischer-pastor-in-der-markusgemeinde-sogel\/","title":{"rendered":"Matthias Vo\u00df, neuer evangelischer Pastor in der Markusgemeinde S\u00f6gel."},"content":{"rendered":"<p>In einem festlichen Gottesdienst wurde am Sonntag den 20. Juni, der 1973 in Berlin-Wilmersdorf geborene Matthias Vo\u00df durch Landessuperintendent Dr. Detlef Klahr zum Pastor ordiniert.<\/p>\n<p>In Anwesenheit seiner Frau, seines zehnj\u00e4hrigen Sohnes und seiner Eltern wurde Pastor Vo\u00df von zahlreichen Gemeindemitgliedern und Ehreng\u00e4sten herzlich aufgenommen.<\/p>\n<p>In seiner sehr pers\u00f6nlich gehaltenen Predigt skizzierte Dr. Klahr den beruflichen Werdegang von Vo\u00df, der an seiner Berufung, Gott und den Menschen als Seelsorger zu dienen, festgehalten und in langen, seinem beruflichen Streben f\u00f6rderlich wirkenden \u201eWarteschleifen\u201c durchgehalten hat.<\/p>\n<p>\u201eSie d\u00fcrfen sich darauf verlassen, dass Gott Sie nicht verl\u00e4sst\u201c, sprach er dem zuk\u00fcnftigen Pastor zu.<\/p>\n<p>Vo\u00df arbeitete in der Wissenschaft an der Berliner Humboldt-Universit\u00e4t. Bevor ihm von der Landeskirche die Stelle in S\u00f6gel zugewiesen wurde, war Vo\u00df als Vikar in der Martin-Luther-Gemeinde Emden t\u00e4tig. Ein Schwerpunkt seines Einsatzes war die Jugendarbeit.<\/p>\n<p>Der Predigt des Landessuperintendenten folgte die Ordination durch die der Kandidat zum geistlichen Amt gesegnet, geordnet und gesandt wird. Zentrales Segenszeichen der Ordinationsliturgie ist die Handauflegung.<\/p>\n<p>Dieser feierlichen Handlung wohnten viele Pastoren aus den n\u00e4heren und ferneren Gemeinden bei.<\/p>\n<p>Auch aus Berlin waren Voss\u2019s kirchliche Wegbegleiter angereist.<\/p>\n<p>Der stellvertretende Superintendent Uwe Hill aus Werlte, hob hervor,<\/p>\n<p>\u201edass zu Beginn des Ordinationsgottesdienstes die Glocken der St.-Jakobus-Kirche gel\u00e4utet wurden, spreche\u00a0 f\u00fcr das gute \u00f6kumenische Klima in S\u00f6gel\u201c.<\/p>\n<p>Im Anschluss an die kirchliche Feier traf sich die Gemeinde mit ihrem neuen Pastor sowie zahlreichen G\u00e4sten bei einem Empfang.<\/p>\n<p>Ein ausf\u00fchrliches Portrait von Pastor Vo\u00df bringen wir in unserer n\u00e4chsten Ausgabe<\/p>\n<p>Text:KS\/ Foto:\u00a0Herbert Dzeja\u00a0<\/p>\n<p><a href=\"https:\/\/www.forum-soegel.de\/information\/wp-content\/uploads\/2010\/06\/Pastor-Voss.jpg\"><img loading=\"lazy\" decoding=\"async\" class=\"alignnone size-medium wp-image-2574\" title=\"Pastor Voss\" src=\"https:\/\/www.forum-soegel.de\/information\/wp-content\/uploads\/2010\/06\/Pastor-Voss-300x200.jpg\" alt=\"\" width=\"300\" height=\"200\" srcset=\"https:\/\/www.forum-soegel.de\/information\/wp-content\/uploads\/2010\/06\/Pastor-Voss-300x200.jpg 300w, https:\/\/www.forum-soegel.de\/information\/wp-content\/uploads\/2010\/06\/Pastor-Voss.jpg 640w\" sizes=\"auto, (max-width: 300px) 100vw, 300px\" \/><\/a><\/p>\n","protected":false},"excerpt":{"rendered":"In einem festlichen Gottesdienst wurde am Sonntag den 20. Juni, der 1973 in Berlin-Wilmersdorf geborene Matthias Vo\u00df durch Landessuperintendent Dr. Detlef Klahr zum Pastor ordiniert. In Anwesenheit seiner Frau, seines zehnj\u00e4hrigen Sohnes und seiner Eltern wurde Pastor Vo\u00df von zahlreichen Gemeindemitgliedern und Ehreng\u00e4sten herzlich aufgenommen. In seiner sehr pers\u00f6nlich gehaltenen Predigt skizzierte Dr. Klahr den [&hellip;]\n","protected":false},"author":2,"featured_media":0,"comment_status":"closed","ping_status":"closed","sticky":false,"template":"","format":"standard","meta":{"ngg_post_thumbnail":0,"footnotes":""},"categories":[3],"tags":[],"class_list":["post-2573","post","type-post","status-publish","format-standard","hentry","category-aktuelles-aus-der-region"],"_links":{"self":[{"href":"https:\/\/www.forum-soegel.de\/information\/wp-json\/wp\/v2\/posts\/2573","targetHints":{"allow":["GET"]}}],"collection":[{"href":"https:\/\/www.forum-soegel.de\/information\/wp-json\/wp\/v2\/posts"}],"about":[{"href":"https:\/\/www.forum-soegel.de\/information\/wp-json\/wp\/v2\/types\/post"}],"author":[{"embeddable":true,"href":"https:\/\/www.forum-soegel.de\/information\/wp-json\/wp\/v2\/users\/2"}],"replies":[{"embeddable":true,"href":"https:\/\/www.forum-soegel.de\/information\/wp-json\/wp\/v2\/comments?post=2573"}],"version-history":[{"count":2,"href":"https:\/\/www.forum-soegel.de\/information\/wp-json\/wp\/v2\/posts\/2573\/revisions"}],"predecessor-version":[{"id":2576,"href":"https:\/\/www.forum-soegel.de\/information\/wp-json\/wp\/v2\/posts\/2573\/revisions\/2576"}],"wp:attachment":[{"href":"https:\/\/www.forum-soegel.de\/information\/wp-json\/wp\/v2\/media?parent=2573"}],"wp:term":[{"taxonomy":"category","embeddable":true,"href":"https:\/\/www.forum-soegel.de\/information\/wp-json\/wp\/v2\/categories?post=2573"},{"taxonomy":"post_tag","embeddable":true,"href":"https:\/\/www.forum-soegel.de\/information\/wp-json\/wp\/v2\/tags?post=2573"}],"curies":[{"name":"wp","href":"https:\/\/api.w.org\/{rel}","templated":true}]}}