{"id":25729,"date":"2018-12-24T16:47:46","date_gmt":"2018-12-24T15:47:46","guid":{"rendered":"https:\/\/www.forum-soegel.de\/information\/?p=25729"},"modified":"2018-12-24T16:48:04","modified_gmt":"2018-12-24T15:48:04","slug":"staverner-landwirte-ackern-fuer-die-a-jugend-des-ortes","status":"publish","type":"post","link":"https:\/\/www.forum-soegel.de\/information\/2018\/12\/staverner-landwirte-ackern-fuer-die-a-jugend-des-ortes\/","title":{"rendered":"Staverner Landwirte \u201eackern&#8220; f\u00fcr die A-Jugend des Ortes"},"content":{"rendered":"<div id=\"attachment_25730\" style=\"width: 310px\" class=\"wp-caption alignnone\"><a href=\"https:\/\/www.forum-soegel.de\/information\/2018\/12\/staverner-landwirte-ackern-fuer-die-a-jugend-des-ortes\/nur-internet_staverner-landwirte-ackern-fuer-die-a-jugend-des-ortes\/\" rel=\"attachment wp-att-25730\"><img loading=\"lazy\" decoding=\"async\" aria-describedby=\"caption-attachment-25730\" class=\"wp-image-25730 size-medium\" src=\"https:\/\/www.forum-soegel.de\/information\/wp-content\/uploads\/2018\/12\/NUR-INTERNET_Staverner-Landwirte-\u201eackern-f\u00fcr-die-A-Jugend-des-Ortes-300x151.jpg\" alt=\"\" width=\"300\" height=\"151\" srcset=\"https:\/\/www.forum-soegel.de\/information\/wp-content\/uploads\/2018\/12\/NUR-INTERNET_Staverner-Landwirte-\u201eackern-f\u00fcr-die-A-Jugend-des-Ortes-300x151.jpg 300w, https:\/\/www.forum-soegel.de\/information\/wp-content\/uploads\/2018\/12\/NUR-INTERNET_Staverner-Landwirte-\u201eackern-f\u00fcr-die-A-Jugend-des-Ortes-768x386.jpg 768w, https:\/\/www.forum-soegel.de\/information\/wp-content\/uploads\/2018\/12\/NUR-INTERNET_Staverner-Landwirte-\u201eackern-f\u00fcr-die-A-Jugend-des-Ortes.jpg 1024w\" sizes=\"auto, (max-width: 300px) 100vw, 300px\" \/><\/a><p id=\"caption-attachment-25730\" class=\"wp-caption-text\">Stavern &#8211; Einen neuen Satz Trikots erhielt die A-Jugendmannschaft der Spielgemeinschaft Stavern\/Apeldorn. Das neue Outfit wurde im Rahmen eines Sponsorings der Staverner Landwirte zur Verf\u00fcgung gestellt. Die Staverner Landwirte hatten u.a. auch die Kosten f\u00fcr die Ausstattung \u00fcbernommen. Mit dem Slogan \u201eWir ackern f\u00fcr Euch&#8220; wird die Mannschaft hoffentlich in Zukunft viele Punkte auf dem Fu\u00dfballplatz \u201eerackern&#8220;. Text\/Foto: Gerd Rode<\/p><\/div>\n","protected":false},"excerpt":{"rendered":"","protected":false},"author":2,"featured_media":0,"comment_status":"closed","ping_status":"closed","sticky":false,"template":"","format":"standard","meta":{"ngg_post_thumbnail":0,"footnotes":""},"categories":[5],"tags":[],"class_list":["post-25729","post","type-post","status-publish","format-standard","hentry","category-was-machen-die-vereine"],"_links":{"self":[{"href":"https:\/\/www.forum-soegel.de\/information\/wp-json\/wp\/v2\/posts\/25729","targetHints":{"allow":["GET"]}}],"collection":[{"href":"https:\/\/www.forum-soegel.de\/information\/wp-json\/wp\/v2\/posts"}],"about":[{"href":"https:\/\/www.forum-soegel.de\/information\/wp-json\/wp\/v2\/types\/post"}],"author":[{"embeddable":true,"href":"https:\/\/www.forum-soegel.de\/information\/wp-json\/wp\/v2\/users\/2"}],"replies":[{"embeddable":true,"href":"https:\/\/www.forum-soegel.de\/information\/wp-json\/wp\/v2\/comments?post=25729"}],"version-history":[{"count":2,"href":"https:\/\/www.forum-soegel.de\/information\/wp-json\/wp\/v2\/posts\/25729\/revisions"}],"predecessor-version":[{"id":25732,"href":"https:\/\/www.forum-soegel.de\/information\/wp-json\/wp\/v2\/posts\/25729\/revisions\/25732"}],"wp:attachment":[{"href":"https:\/\/www.forum-soegel.de\/information\/wp-json\/wp\/v2\/media?parent=25729"}],"wp:term":[{"taxonomy":"category","embeddable":true,"href":"https:\/\/www.forum-soegel.de\/information\/wp-json\/wp\/v2\/categories?post=25729"},{"taxonomy":"post_tag","embeddable":true,"href":"https:\/\/www.forum-soegel.de\/information\/wp-json\/wp\/v2\/tags?post=25729"}],"curies":[{"name":"wp","href":"https:\/\/api.w.org\/{rel}","templated":true}]}}