{"id":25717,"date":"2018-12-24T16:44:36","date_gmt":"2018-12-24T15:44:36","guid":{"rendered":"https:\/\/www.forum-soegel.de\/information\/?p=25717"},"modified":"2018-12-24T16:44:36","modified_gmt":"2018-12-24T15:44:36","slug":"in-ahmsen-soll-es-gruenen-und-bluehen","status":"publish","type":"post","link":"https:\/\/www.forum-soegel.de\/information\/2018\/12\/in-ahmsen-soll-es-gruenen-und-bluehen\/","title":{"rendered":"In Ahmsen soll es gr\u00fcnen und bl\u00fchen"},"content":{"rendered":"<p><strong>Mit gro\u00dfen Schritten zu neuen Tagungsm\u00f6glichkeiten<\/strong><\/p>\n<p>Auf dem Gel\u00e4nde des zuk\u00fcnftigen Jugendklosters Ahmsen sind seit Wochen die Handwerker aktiv. Ein Tagungsraum f\u00fcr das zuk\u00fcnftig Bildungs- und Begegnungshaus wird errichtet. Nach leichten Verz\u00f6gerungen ist man nun wieder im Zeitplan. Das Dach ist drauf und der Bildungsbetrieb kann hier Anfang Januar losgehen. Der ca. 90 m\u00b2 umfassende und modern ausgestattete Anbau wird an zwei Seiten gro\u00dfe bodentiefe Fensterfronten haben. Der Blick auf Wald, Wiese und Teich ist damit gegeben und sorgt auch im Raum f\u00fcr eine idyllische Atmosph\u00e4re. Bedeckt ist der Tagungsraum mit einem begr\u00fcnten Flachdach, das nach hinten zum Wald ansteigt und so dem Raum die notwendige Weite zum Denken und Lernen schenkt.<\/p>\n<p>Vielf\u00e4ltige Nutzungsm\u00f6glichkeiten der Selbstversorgerk\u00fcche<\/p>\n<p>Auch im bestehenden Nebengeb\u00e4ude hat sich schon einiges getan. Die R\u00e4ume, die urspr\u00fcnglich als Waschbereiche dienten und zuletzt als Lager genutzt wurden, gibt es so nicht mehr. W\u00e4nde und der Boden wurden entfernt, sodass ein gro\u00dfer Raum entstanden ist, und es wurde ein gro\u00dfes Fenster eingesetzt. Hier entsteht die Selbstversorgerk\u00fcche, wo bald Gastgruppen ihr Mittagessen zubereiten, aber auch eigene Veranstaltungen stattfinden k\u00f6nnen.<\/p>\n<p>Gemeinsam kochen, essen, beten und das Gespr\u00e4ch pflegen geh\u00f6ren einfach zusammen. Veranstaltungen wie das Brotbacken mit Grundsch\u00fclern auf der Klassenfahrt im Jugendkloster und das gemeinsame Kochen und Abendessen nach der Jugendvesper k\u00f6nnen hier stattfinden. Oder auch der Themenabend der ortsans\u00e4ssigen kath. Landjugend kann hier einen praktischen Teil beinhalten, wenn es um das Thema Ern\u00e4hrung, Kochen oder Landwirtschaft geht. Die Selbstversorgerk\u00fcche er\u00f6ffnet neben der selbst\u00e4ndigen Versorgung von Gruppen viele weitere M\u00f6glichkeiten.<\/p>\n<p>Ab in den Garten!<\/p>\n<p>Im Gespr\u00e4ch mit Martina Cordes vom Amt f\u00fcr regionale Landesentwicklung, welches das Projekt \u00fcber LEADER f\u00f6rdert, kam auch das Thema \u201eBildung f\u00fcr nachhaltige Entwicklung\u201c auf. U.a. soll der Garten im Jugendkloster daf\u00fcr aktiv genutzt werden \u2013 als Selbstversorgergarten, aber auch als Lernort. N\u00e4hrstoffkreisl\u00e4ufe k\u00f6nnten \u00fcber ein aquaponisches System dargestellt werden und die Herstellung von Terra-Preta-Erde ein Thema sein.<\/p>\n<p>Warum sollen die Lebensmittelreste in der braunen Tonne und die Gr\u00fcnabf\u00e4lle aus dem heimischen Garten auf dem Wertstoffhof landen, wenn mit etwas Holzkohle und flei\u00dfigen Mikroorganismen daraus extrem fruchtbare Erde hergestellt werden kann? Damit k\u00f6nnen dann wieder Lebensmittel angebaut werden, die z.B. beim Kochkurs \u201eAus dem Garten, auf den Teller\u201c in der Selbstversorgerk\u00fcche genutzt werden k\u00f6nnen.<\/p>\n<p>Laut Christian Thien, zuk\u00fcnftiger Leiter des Hauses, soll es im Jugendkloster hei\u00dfen: \u201eWieder n\u00e4her dran an die Dinge, die ich t\u00e4glich brauche. Ein Gef\u00fchl daf\u00fcr entwickeln, wo was herkommt und wie ich es nachhaltig erhalten kann, ohne dass Rohstoffe verschwendet werden.\u201c Es soll aber auch darum gehen, globale Zusammenh\u00e4nge zu verstehen, auf dieser Ebene f\u00fcr Nachhaltigkeit zu sensibilisieren und M\u00f6glichkeiten f\u00fcr Engagement zu entwickeln.<\/p>\n<p>Platzstifteraktion<\/p>\n<p>Christian Thien (Hausleitung) und Michael Engbers (Bildungsreferent) werben zudem aktuell um Unterst\u00fctzerInnen. \u201eWir freuen uns \u00fcber jede\/n, der uns schon jetzt oder in Zukunft unterst\u00fctzen m\u00f6chte. Ob im zuk\u00fcnftigen F\u00f6rderverein, mit kreativen Ideen oder tollen Angeboten, die er oder sie im Bildungs- und Begegnungshaus anbieten m\u00f6chte. Auch die Platzstifteraktion ist daf\u00fcr eine gute M\u00f6glichkeit\u201c, so Engbers. Die Aktion funktioniert so, dass das Haus in Form einer Geldspende unterst\u00fctzt werden kann. Davon werden dann St\u00fchle und Betten gekauft. F\u00fcr die Einrichtung des neuen Tagungsraumes m\u00fcssen St\u00fchle erworben werden und einige vorhandene Sitzgelegenheiten m\u00fcssen auf Grund des Verschlei\u00dfzustandes ersetzt werden. \u00c4hnliches gilt f\u00fcr die Betten. Zum einen wird die Bettenzahl erh\u00f6ht, zum anderen m\u00fcssen auch hier Exemplare ersetzt werden. Jede\/r Unterst\u00fctzerIn dieser Aktion wird somit auch \u00a0Teil des Hauses. Er\/Sie wird auf einer Dankestafel aufgef\u00fchrt und im Sommer zum gro\u00dfen Er\u00f6ffnungsfest eingeladen. Weitere Informationen dar\u00fcber sind zu finden unter www.marstall-clemenswerth.de, info@jugendkloster-ahmsen.de oder unter 05952 \u2013 2070.<\/p>\n<p>Text: Michael Engbers Foto: Jugendkloster Ahmsen<\/p>\n<div id=\"attachment_25718\" style=\"width: 310px\" class=\"wp-caption alignnone\"><a href=\"https:\/\/www.forum-soegel.de\/information\/2018\/12\/in-ahmsen-soll-es-gruenen-und-bluehen\/nur-internet_in-ahmsen-soll-es-gruenen-und-bluehen\/\" rel=\"attachment wp-att-25718\"><img loading=\"lazy\" decoding=\"async\" aria-describedby=\"caption-attachment-25718\" class=\"size-medium wp-image-25718\" src=\"https:\/\/www.forum-soegel.de\/information\/wp-content\/uploads\/2018\/12\/NUR-INTERNET_In-Ahmsen-soll-es-gr\u00fcnen-und-bl\u00fchen-300x200.jpg\" alt=\"\" width=\"300\" height=\"200\" srcset=\"https:\/\/www.forum-soegel.de\/information\/wp-content\/uploads\/2018\/12\/NUR-INTERNET_In-Ahmsen-soll-es-gr\u00fcnen-und-bl\u00fchen-300x200.jpg 300w, https:\/\/www.forum-soegel.de\/information\/wp-content\/uploads\/2018\/12\/NUR-INTERNET_In-Ahmsen-soll-es-gr\u00fcnen-und-bl\u00fchen-768x512.jpg 768w, https:\/\/www.forum-soegel.de\/information\/wp-content\/uploads\/2018\/12\/NUR-INTERNET_In-Ahmsen-soll-es-gr\u00fcnen-und-bl\u00fchen.jpg 1024w\" sizes=\"auto, (max-width: 300px) 100vw, 300px\" \/><\/a><p id=\"caption-attachment-25718\" class=\"wp-caption-text\">Michael Engbers (Bildungsreferent Jugendkloster Ahmsen), Martina Cordes (Amt f\u00fcr regionale Landesentwicklung), Christian Thien (Leiter Marstall Clemenswerth und zuk\u00fcnftig auch Jugendkloster Ahmsen)<\/p><\/div>\n<p>&nbsp;<\/p>\n","protected":false},"excerpt":{"rendered":"Mit gro\u00dfen Schritten zu neuen Tagungsm\u00f6glichkeiten Auf dem Gel\u00e4nde des zuk\u00fcnftigen Jugendklosters Ahmsen sind seit Wochen die Handwerker aktiv. Ein Tagungsraum f\u00fcr das zuk\u00fcnftig Bildungs- und Begegnungshaus wird errichtet. Nach leichten Verz\u00f6gerungen ist man nun wieder im Zeitplan. Das Dach ist drauf und der Bildungsbetrieb kann hier Anfang Januar losgehen. Der ca. 90 m\u00b2 umfassende [&hellip;]\n","protected":false},"author":2,"featured_media":0,"comment_status":"closed","ping_status":"closed","sticky":false,"template":"","format":"standard","meta":{"ngg_post_thumbnail":0,"footnotes":""},"categories":[3],"tags":[],"class_list":["post-25717","post","type-post","status-publish","format-standard","hentry","category-aktuelles-aus-der-region"],"_links":{"self":[{"href":"https:\/\/www.forum-soegel.de\/information\/wp-json\/wp\/v2\/posts\/25717","targetHints":{"allow":["GET"]}}],"collection":[{"href":"https:\/\/www.forum-soegel.de\/information\/wp-json\/wp\/v2\/posts"}],"about":[{"href":"https:\/\/www.forum-soegel.de\/information\/wp-json\/wp\/v2\/types\/post"}],"author":[{"embeddable":true,"href":"https:\/\/www.forum-soegel.de\/information\/wp-json\/wp\/v2\/users\/2"}],"replies":[{"embeddable":true,"href":"https:\/\/www.forum-soegel.de\/information\/wp-json\/wp\/v2\/comments?post=25717"}],"version-history":[{"count":2,"href":"https:\/\/www.forum-soegel.de\/information\/wp-json\/wp\/v2\/posts\/25717\/revisions"}],"predecessor-version":[{"id":25720,"href":"https:\/\/www.forum-soegel.de\/information\/wp-json\/wp\/v2\/posts\/25717\/revisions\/25720"}],"wp:attachment":[{"href":"https:\/\/www.forum-soegel.de\/information\/wp-json\/wp\/v2\/media?parent=25717"}],"wp:term":[{"taxonomy":"category","embeddable":true,"href":"https:\/\/www.forum-soegel.de\/information\/wp-json\/wp\/v2\/categories?post=25717"},{"taxonomy":"post_tag","embeddable":true,"href":"https:\/\/www.forum-soegel.de\/information\/wp-json\/wp\/v2\/tags?post=25717"}],"curies":[{"name":"wp","href":"https:\/\/api.w.org\/{rel}","templated":true}]}}