{"id":25703,"date":"2018-12-01T16:36:01","date_gmt":"2018-12-01T15:36:01","guid":{"rendered":"https:\/\/www.forum-soegel.de\/information\/?p=25703"},"modified":"2018-12-24T16:36:56","modified_gmt":"2018-12-24T15:36:56","slug":"weihnachtsmarkt-auf-dem-heimathof-am-1-adventwochenende","status":"publish","type":"post","link":"https:\/\/www.forum-soegel.de\/information\/2018\/12\/weihnachtsmarkt-auf-dem-heimathof-am-1-adventwochenende\/","title":{"rendered":"Weihnachtsmarkt auf dem Heimathof am 1. Adventwochenende"},"content":{"rendered":"<p><strong>&#8211; Erstmalig mit After Work Party am Vorabend &#8211;<\/strong><\/p>\n<p>S\u00f6gel &#8211; Auch in diesem Jahr wird es wieder einen Weihnachtsmarkt auf dem Heimathof geben. Der \u00e4lteste Weihnachtsmarkt auf dem H\u00fcmmling findet statt am:<\/p>\n<ul>\n<li>Samstag den 1. Dezember von 15.00 Uhr bis 21.00 Uhr,<\/li>\n<li>Sonntag den 2. Dezember von 14.00 Uhr bis 19.00 Uhr.<\/li>\n<\/ul>\n<p>Eine kleine Budenstadt mit allerlei interessanten Angeboten und leckeren Speisen und Getr\u00e4nken laden zum Bummeln und Shoppen ein.<\/p>\n<p>Ein musikalisches Rahmenprogramm sowie der Besuch des Nikolauses, am Sonntag um 16.00 Uhr, lassen adventliche Stimmung aufkommen. Und nat\u00fcrlich gibt es auch wieder selbstgebackenen Kuchen bei Kaffee oder Tee im Heimathaus. Am Samstag und Sonntag steht auch wieder die aus dem vergangenen Jahr bekannte Eistockschie\u00dfbahn f\u00fcr eine kleine sportliche Aktivit\u00e4t zur Verf\u00fcgung.<\/p>\n<p>Am Vorabend des Weihnachtsmarktes, am Freitag den 30. November ab 17.00 Uhr, findet erstmalig auf dem Heimathof, eine After Work Party statt.<\/p>\n<p>Dazu l\u00e4dt der Heimatverein S\u00f6gel alle Firmen aus S\u00f6gel und Umgebung mit ihren Mitarbeiterinnen und Mitarbeitern, sowie die gesamte Bev\u00f6lkerung recht herzlich ein.<\/p>\n<p>Um ca. 18.30 Uhr wird zwischen interessierten Gruppen (Firmen, Clubs, Nachbarschaften usw.) beim <strong>Nikolausstiefelweitwurf<\/strong> um die ausgesetzten attraktiven Preise gerungen. Wir w\u00fcrden uns freuen, wenn sich m\u00f6glichst viele Gruppen bereiterkl\u00e4ren, diesen Spa\u00df mitzumachen.<\/p>\n<p>Als Preise winken:<\/p>\n<ol>\n<li>Preis: Freie Nutzung des Heimathauses f\u00fcr eine Firmen- oder private Feier, einschl. K\u00fcchen- und Geschirrnutzung und Endreinigung im Wert von ca. 275,&#8211; \u20ac,<\/li>\n<li>Preis: Freie Nutzung des Heuerhauses f\u00fcr eine Firmen- oder private Feier, einschl. K\u00fcchen- und Geschirrnutzung und Endreinigung im Wert von ca. 170,&#8211; \u20ac,<\/li>\n<li>Eine Kiste Bier, Flasche Rosche Edelkorn und Flasche Mackenst\u00e4dter Quitte f\u00fcr die kleine spontane interne Afterwork-Party unter Kolleginnen und Kollegen nach einem anstrengenden Arbeitstag.<\/li>\n<\/ol>\n<p>Die Ausstellerinnen und Aussteller des Weihnachtsmarktes sowie der Heimatverein S\u00f6gel freuen sich auf viele Besucherinnen und Besucher sowie viele nette Begegnungen und Gespr\u00e4che.<\/p>\n<p>Text: GS<\/p>\n<p>&nbsp;<\/p>\n<p>&nbsp;<\/p>\n","protected":false},"excerpt":{"rendered":"&#8211; Erstmalig mit After Work Party am Vorabend &#8211; S\u00f6gel &#8211; Auch in diesem Jahr wird es wieder einen Weihnachtsmarkt auf dem Heimathof geben. Der \u00e4lteste Weihnachtsmarkt auf dem H\u00fcmmling findet statt am: Samstag den 1. Dezember von 15.00 Uhr bis 21.00 Uhr, Sonntag den 2. Dezember von 14.00 Uhr bis 19.00 Uhr. Eine kleine [&hellip;]\n","protected":false},"author":2,"featured_media":0,"comment_status":"closed","ping_status":"closed","sticky":false,"template":"","format":"standard","meta":{"ngg_post_thumbnail":0,"footnotes":""},"categories":[3],"tags":[],"class_list":["post-25703","post","type-post","status-publish","format-standard","hentry","category-aktuelles-aus-der-region"],"_links":{"self":[{"href":"https:\/\/www.forum-soegel.de\/information\/wp-json\/wp\/v2\/posts\/25703","targetHints":{"allow":["GET"]}}],"collection":[{"href":"https:\/\/www.forum-soegel.de\/information\/wp-json\/wp\/v2\/posts"}],"about":[{"href":"https:\/\/www.forum-soegel.de\/information\/wp-json\/wp\/v2\/types\/post"}],"author":[{"embeddable":true,"href":"https:\/\/www.forum-soegel.de\/information\/wp-json\/wp\/v2\/users\/2"}],"replies":[{"embeddable":true,"href":"https:\/\/www.forum-soegel.de\/information\/wp-json\/wp\/v2\/comments?post=25703"}],"version-history":[{"count":1,"href":"https:\/\/www.forum-soegel.de\/information\/wp-json\/wp\/v2\/posts\/25703\/revisions"}],"predecessor-version":[{"id":25704,"href":"https:\/\/www.forum-soegel.de\/information\/wp-json\/wp\/v2\/posts\/25703\/revisions\/25704"}],"wp:attachment":[{"href":"https:\/\/www.forum-soegel.de\/information\/wp-json\/wp\/v2\/media?parent=25703"}],"wp:term":[{"taxonomy":"category","embeddable":true,"href":"https:\/\/www.forum-soegel.de\/information\/wp-json\/wp\/v2\/categories?post=25703"},{"taxonomy":"post_tag","embeddable":true,"href":"https:\/\/www.forum-soegel.de\/information\/wp-json\/wp\/v2\/tags?post=25703"}],"curies":[{"name":"wp","href":"https:\/\/api.w.org\/{rel}","templated":true}]}}