{"id":25699,"date":"2018-12-01T16:34:58","date_gmt":"2018-12-01T15:34:58","guid":{"rendered":"https:\/\/www.forum-soegel.de\/information\/?p=25699"},"modified":"2018-12-24T16:35:56","modified_gmt":"2018-12-24T15:35:56","slug":"weihnachtskonzert-mal-anders","status":"publish","type":"post","link":"https:\/\/www.forum-soegel.de\/information\/2018\/12\/weihnachtskonzert-mal-anders\/","title":{"rendered":"Weihnachtskonzert \u2013 mal anders!"},"content":{"rendered":"<p><strong>Kilkenny Band Kirchentour 2018 \u2013 On The Track<\/strong><\/p>\n<p><a href=\"https:\/\/www.forum-soegel.de\/information\/2018\/12\/weihnachtskonzert-mal-anders\/weihnachtskonzert-mal-anders\/\" rel=\"attachment wp-att-25700\"><img loading=\"lazy\" decoding=\"async\" class=\"alignleft size-medium wp-image-25700\" src=\"https:\/\/www.forum-soegel.de\/information\/wp-content\/uploads\/2018\/12\/Weihnachtskonzert-mal-anders-214x300.jpg\" alt=\"\" width=\"214\" height=\"300\" srcset=\"https:\/\/www.forum-soegel.de\/information\/wp-content\/uploads\/2018\/12\/Weihnachtskonzert-mal-anders-214x300.jpg 214w, https:\/\/www.forum-soegel.de\/information\/wp-content\/uploads\/2018\/12\/Weihnachtskonzert-mal-anders.jpg 547w\" sizes=\"auto, (max-width: 214px) 100vw, 214px\" \/><\/a>S\u00f6gel &#8211; In diesem Jahr findet das Weihnachtskonzert am 30.12.2018 um 19.30 Uhr in der St. Jakobus Kirche in S\u00f6gel \u201eanders\u201c statt. Wir haben die Irish Folk Band eingeladen einen Stopp w\u00e4hrend Ihrer Kirchentour in S\u00f6gel zu machen. Unter dem Motto \u201eOn The Track\u201c hat die Kilkenny Band ein Sonderprogramm zusammengestellt, das sie dieses Jahr im Dezember ausschlie\u00dflich in Kirchen auff\u00fchren werden. Das Motto entstand in Anlehnung an ihre im September erschienene CD \u201eEisenblarney\u201c, von der es einige Songs im Programm zu h\u00f6ren geben wird. Im Zusammenhang mit der kleinen Eisenbahn-Anekdote, die zum Namen der CD gef\u00fchrt hat, wird es au\u00dferdem einige Songs \u00fcber Eisenbahnen und \u00fcber das Reisen geben. \u00a0Die Musiker um Lead-S\u00e4nger Dennis Fehlauer (Bass) und Bandgr\u00fcnder Jascha Kemper (Mandoline, Banjo) werden das Publikum durch das Programm f\u00fchren und Geschichten und Hintergr\u00fcnde zu den Songs erz\u00e4hlen. Des Weiteren dabei sind Stephan Niebler (Gitarre, Akkordeon), Gisa Wilfarth (Gesang, Bodhran), die erneut die vor kurzem Mutter gewordene Julie Ann Cimino-Boyle vertreten wird und Esther Schnepel (Geige), die das Quartett anl\u00e4sslich dieser Sondertour zu einem Quintett erweitern wird. \u00a0In einem \u201evielsaitigen\u201c Konzertabend erleben Sie die irische Musik in all ihren Facetten \u2013 von der vertr\u00e4umten Ballade bis hin zum virtuosen Instrumentalsolo.\u00a0 Die Band ist in S\u00f6gel schon in den vergangenen Jahren\u00a0 im \u201eH\u00fcmmlinger Teest\u00fcbchen\u201c und am Samstagabend der diesj\u00e4hrigen Kirmes auf dem Marktplatz aufgetreten.<\/p>\n<p>Die Karten kosten im Vorverkauf 18\u20ac (erm\u00e4\u00dfigt 15\u20ac) und an der Abendkasse 15\u20ac (erm. 12\u20ac). Kinder bis einschlie\u00dflich 16 Jahren zahlen 8\u20ac. Erh\u00e4ltlich sind die Karten per E-Mail-Bestellung an <a href=\"mailto:jascha-kemper@web.de\">jascha-kemper@web.de<\/a>. Weitere Infos unter <a href=\"https:\/\/www.kilkenny-band.com\">www.kilkenny-band.com<\/a>. Die Vorverkaufsstellen sind auch in diesem Jahr zu den jeweiligen \u00d6ffnungszeiten das Katholische Pfarrb\u00fcro St. Jakobus in S\u00f6gel und Schreibwaren L\u00fcbs am Markt in S\u00f6gel. Wir freuen uns auf Sie!<\/p>\n<p>Text\/Foto: Frauke Sparfeldt<\/p>\n<p>&nbsp;<\/p>\n","protected":false},"excerpt":{"rendered":"Kilkenny Band Kirchentour 2018 \u2013 On The Track S\u00f6gel &#8211; In diesem Jahr findet das Weihnachtskonzert am 30.12.2018 um 19.30 Uhr in der St. Jakobus Kirche in S\u00f6gel \u201eanders\u201c statt. Wir haben die Irish Folk Band eingeladen einen Stopp w\u00e4hrend Ihrer Kirchentour in S\u00f6gel zu machen. Unter dem Motto \u201eOn The Track\u201c hat die Kilkenny [&hellip;]\n","protected":false},"author":2,"featured_media":0,"comment_status":"closed","ping_status":"closed","sticky":false,"template":"","format":"standard","meta":{"ngg_post_thumbnail":0,"footnotes":""},"categories":[3],"tags":[],"class_list":["post-25699","post","type-post","status-publish","format-standard","hentry","category-aktuelles-aus-der-region"],"_links":{"self":[{"href":"https:\/\/www.forum-soegel.de\/information\/wp-json\/wp\/v2\/posts\/25699","targetHints":{"allow":["GET"]}}],"collection":[{"href":"https:\/\/www.forum-soegel.de\/information\/wp-json\/wp\/v2\/posts"}],"about":[{"href":"https:\/\/www.forum-soegel.de\/information\/wp-json\/wp\/v2\/types\/post"}],"author":[{"embeddable":true,"href":"https:\/\/www.forum-soegel.de\/information\/wp-json\/wp\/v2\/users\/2"}],"replies":[{"embeddable":true,"href":"https:\/\/www.forum-soegel.de\/information\/wp-json\/wp\/v2\/comments?post=25699"}],"version-history":[{"count":2,"href":"https:\/\/www.forum-soegel.de\/information\/wp-json\/wp\/v2\/posts\/25699\/revisions"}],"predecessor-version":[{"id":25702,"href":"https:\/\/www.forum-soegel.de\/information\/wp-json\/wp\/v2\/posts\/25699\/revisions\/25702"}],"wp:attachment":[{"href":"https:\/\/www.forum-soegel.de\/information\/wp-json\/wp\/v2\/media?parent=25699"}],"wp:term":[{"taxonomy":"category","embeddable":true,"href":"https:\/\/www.forum-soegel.de\/information\/wp-json\/wp\/v2\/categories?post=25699"},{"taxonomy":"post_tag","embeddable":true,"href":"https:\/\/www.forum-soegel.de\/information\/wp-json\/wp\/v2\/tags?post=25699"}],"curies":[{"name":"wp","href":"https:\/\/api.w.org\/{rel}","templated":true}]}}