{"id":25695,"date":"2018-12-01T16:34:00","date_gmt":"2018-12-01T15:34:00","guid":{"rendered":"https:\/\/www.forum-soegel.de\/information\/?p=25695"},"modified":"2018-12-24T16:34:54","modified_gmt":"2018-12-24T15:34:54","slug":"stefan-hipp-in-soegel-auf-dem-schwarzen-sofa","status":"publish","type":"post","link":"https:\/\/www.forum-soegel.de\/information\/2018\/12\/stefan-hipp-in-soegel-auf-dem-schwarzen-sofa\/","title":{"rendered":"Stefan Hipp in S\u00f6gel auf dem \u201eSchwarzen Sofa\u201c"},"content":{"rendered":"<p><a href=\"https:\/\/www.forum-soegel.de\/information\/2018\/12\/stefan-hipp-in-soegel-auf-dem-schwarzen-sofa\/stefan-hipp-in-soegel-auf-dem-schwarzen-sofa\/\" rel=\"attachment wp-att-25696\"><img loading=\"lazy\" decoding=\"async\" class=\"alignleft size-medium wp-image-25696\" src=\"https:\/\/www.forum-soegel.de\/information\/wp-content\/uploads\/2018\/12\/Stefan-Hipp-in-S\u00f6gel-auf-dem-\u201eSchwarzen-Sofa\u201c-300x225.jpg\" alt=\"\" width=\"300\" height=\"225\" srcset=\"https:\/\/www.forum-soegel.de\/information\/wp-content\/uploads\/2018\/12\/Stefan-Hipp-in-S\u00f6gel-auf-dem-\u201eSchwarzen-Sofa\u201c-300x225.jpg 300w, https:\/\/www.forum-soegel.de\/information\/wp-content\/uploads\/2018\/12\/Stefan-Hipp-in-S\u00f6gel-auf-dem-\u201eSchwarzen-Sofa\u201c-768x576.jpg 768w, https:\/\/www.forum-soegel.de\/information\/wp-content\/uploads\/2018\/12\/Stefan-Hipp-in-S\u00f6gel-auf-dem-\u201eSchwarzen-Sofa\u201c.jpg 1024w\" sizes=\"auto, (max-width: 300px) 100vw, 300px\" \/><\/a>S\u00f6gel &#8211; Die Babynahrung der Firma Hipp ist seit Generationen buchst\u00e4blich in aller Munde. Stand fr\u00fcher noch Claus Hipp in der Werbung \u201emit seinem Namen\u201c f\u00fcr die Erzeugnisse des Familienbetriebs, hat dies seit 2016 Sohn Stefan\u00a0 ipp \u00fcbernommen. Dieser wird nun am 5. Dezember ab 19 Uhr bei Deeken raumconzepte, Nordring 1, S\u00f6gel, auf dem Schwarzen Sofa der Bundestagsabgeordneten Gitta Connemann Rede und Antwort stehen.<\/p>\n<p>Das Familienunternehmen Hipp blickt auf \u00fcber 100 Jahre Tradition zur\u00fcck. Aber Stefan Hipp hat weit mehr zu bieten als seinen Namen. Der geb\u00fcrtige M\u00fcnchner studierte Politikwissenschaften sowie Landwirtschaft- und Lebensmittelmanagement \u2013 nach einer kaufm\u00e4nnischen Lehre. Seit 1997 ist Stefan Hipp in der Gesch\u00e4ftsleitung der HIPP Unternehmensgruppe. Dar\u00fcber hinaus engagiert sich der leidenschaftliche Reiter und Biobauer vielseitig, unter anderem im Pr\u00e4sidium des Di\u00e4tverbandes sowie im Vorstand der Arbeitsgemeinschaft der Bayrischen Ern\u00e4hrungswirtschaft.<\/p>\n<p>Auf dem \u201eSchwarzen Sofa\u201c wird \u00fcber seinen Lebensweg, gesunde Ern\u00e4hrung, die deutsche Wirtschaft und nat\u00fcrlich die Zukunft von mittelst\u00e4ndischen Familienbetrieben sprechen. Eingeladen ist jeder, der sich f\u00fcr diese Themen interessiert. Vorbeikommen, Zuh\u00f6ren, Mitreden! Dazu l\u00e4dt Deeken raumconzepte ein.<\/p>\n<p>Text\/Foto: Ingrid Cloppenburg<\/p>\n","protected":false},"excerpt":{"rendered":"S\u00f6gel &#8211; Die Babynahrung der Firma Hipp ist seit Generationen buchst\u00e4blich in aller Munde. Stand fr\u00fcher noch Claus Hipp in der Werbung \u201emit seinem Namen\u201c f\u00fcr die Erzeugnisse des Familienbetriebs, hat dies seit 2016 Sohn Stefan\u00a0 ipp \u00fcbernommen. Dieser wird nun am 5. Dezember ab 19 Uhr bei Deeken raumconzepte, Nordring 1, S\u00f6gel, auf dem [&hellip;]\n","protected":false},"author":2,"featured_media":0,"comment_status":"closed","ping_status":"closed","sticky":false,"template":"","format":"standard","meta":{"ngg_post_thumbnail":0,"footnotes":""},"categories":[3],"tags":[],"class_list":["post-25695","post","type-post","status-publish","format-standard","hentry","category-aktuelles-aus-der-region"],"_links":{"self":[{"href":"https:\/\/www.forum-soegel.de\/information\/wp-json\/wp\/v2\/posts\/25695","targetHints":{"allow":["GET"]}}],"collection":[{"href":"https:\/\/www.forum-soegel.de\/information\/wp-json\/wp\/v2\/posts"}],"about":[{"href":"https:\/\/www.forum-soegel.de\/information\/wp-json\/wp\/v2\/types\/post"}],"author":[{"embeddable":true,"href":"https:\/\/www.forum-soegel.de\/information\/wp-json\/wp\/v2\/users\/2"}],"replies":[{"embeddable":true,"href":"https:\/\/www.forum-soegel.de\/information\/wp-json\/wp\/v2\/comments?post=25695"}],"version-history":[{"count":2,"href":"https:\/\/www.forum-soegel.de\/information\/wp-json\/wp\/v2\/posts\/25695\/revisions"}],"predecessor-version":[{"id":25698,"href":"https:\/\/www.forum-soegel.de\/information\/wp-json\/wp\/v2\/posts\/25695\/revisions\/25698"}],"wp:attachment":[{"href":"https:\/\/www.forum-soegel.de\/information\/wp-json\/wp\/v2\/media?parent=25695"}],"wp:term":[{"taxonomy":"category","embeddable":true,"href":"https:\/\/www.forum-soegel.de\/information\/wp-json\/wp\/v2\/categories?post=25695"},{"taxonomy":"post_tag","embeddable":true,"href":"https:\/\/www.forum-soegel.de\/information\/wp-json\/wp\/v2\/tags?post=25695"}],"curies":[{"name":"wp","href":"https:\/\/api.w.org\/{rel}","templated":true}]}}