{"id":25693,"date":"2018-12-01T16:32:39","date_gmt":"2018-12-01T15:32:39","guid":{"rendered":"https:\/\/www.forum-soegel.de\/information\/?p=25693"},"modified":"2018-12-24T16:33:46","modified_gmt":"2018-12-24T15:33:46","slug":"selbstbehauptungskurse-fuer-jungen-und-maedchen","status":"publish","type":"post","link":"https:\/\/www.forum-soegel.de\/information\/2018\/12\/selbstbehauptungskurse-fuer-jungen-und-maedchen\/","title":{"rendered":"Selbstbehauptungskurse f\u00fcr Jungen und M\u00e4dchen"},"content":{"rendered":"<p>S\u00f6gel &#8211; In der Zweigstelle S\u00f6gel der VHS Papenburg werden am Samstag, 1. Dezember zwei Selbstbehauptungsseminare f\u00fcr Jungen und M\u00e4dchen angeboten. Das erste Seminar am Vormittag von 9 bis 12 Uhr wendet sich an Jungen und M\u00e4dchen der Klassen 1 und 2. Das Nachmittagsseminar von 12.30 bis 15:30 Uhr ist ausschlie\u00dflich f\u00fcr M\u00e4dchen der Klassen 5 und 6. Beide Seminare finden in der Turnhalle Spahnharrenst\u00e4tte statt. Anmeldungen sind unter 05952\/9419735 m\u00f6glich.<\/p>\n<p>Text: Hermann Schade<\/p>\n","protected":false},"excerpt":{"rendered":"S\u00f6gel &#8211; In der Zweigstelle S\u00f6gel der VHS Papenburg werden am Samstag, 1. Dezember zwei Selbstbehauptungsseminare f\u00fcr Jungen und M\u00e4dchen angeboten. Das erste Seminar am Vormittag von 9 bis 12 Uhr wendet sich an Jungen und M\u00e4dchen der Klassen 1 und 2. Das Nachmittagsseminar von 12.30 bis 15:30 Uhr ist ausschlie\u00dflich f\u00fcr M\u00e4dchen der Klassen [&hellip;]\n","protected":false},"author":2,"featured_media":0,"comment_status":"closed","ping_status":"closed","sticky":false,"template":"","format":"standard","meta":{"ngg_post_thumbnail":0,"footnotes":""},"categories":[3],"tags":[],"class_list":["post-25693","post","type-post","status-publish","format-standard","hentry","category-aktuelles-aus-der-region"],"_links":{"self":[{"href":"https:\/\/www.forum-soegel.de\/information\/wp-json\/wp\/v2\/posts\/25693","targetHints":{"allow":["GET"]}}],"collection":[{"href":"https:\/\/www.forum-soegel.de\/information\/wp-json\/wp\/v2\/posts"}],"about":[{"href":"https:\/\/www.forum-soegel.de\/information\/wp-json\/wp\/v2\/types\/post"}],"author":[{"embeddable":true,"href":"https:\/\/www.forum-soegel.de\/information\/wp-json\/wp\/v2\/users\/2"}],"replies":[{"embeddable":true,"href":"https:\/\/www.forum-soegel.de\/information\/wp-json\/wp\/v2\/comments?post=25693"}],"version-history":[{"count":1,"href":"https:\/\/www.forum-soegel.de\/information\/wp-json\/wp\/v2\/posts\/25693\/revisions"}],"predecessor-version":[{"id":25694,"href":"https:\/\/www.forum-soegel.de\/information\/wp-json\/wp\/v2\/posts\/25693\/revisions\/25694"}],"wp:attachment":[{"href":"https:\/\/www.forum-soegel.de\/information\/wp-json\/wp\/v2\/media?parent=25693"}],"wp:term":[{"taxonomy":"category","embeddable":true,"href":"https:\/\/www.forum-soegel.de\/information\/wp-json\/wp\/v2\/categories?post=25693"},{"taxonomy":"post_tag","embeddable":true,"href":"https:\/\/www.forum-soegel.de\/information\/wp-json\/wp\/v2\/tags?post=25693"}],"curies":[{"name":"wp","href":"https:\/\/api.w.org\/{rel}","templated":true}]}}