{"id":25691,"date":"2018-12-01T16:30:36","date_gmt":"2018-12-01T15:30:36","guid":{"rendered":"https:\/\/www.forum-soegel.de\/information\/?p=25691"},"modified":"2018-12-24T16:32:34","modified_gmt":"2018-12-24T15:32:34","slug":"advent-auf-schloss-clemenswerth-mit-100-ausstellern-2","status":"publish","type":"post","link":"https:\/\/www.forum-soegel.de\/information\/2018\/12\/advent-auf-schloss-clemenswerth-mit-100-ausstellern-2\/","title":{"rendered":"Advent auf Schloss Clemenswerth mit 100 Ausstellern"},"content":{"rendered":"<p><a href=\"https:\/\/www.forum-soegel.de\/information\/2015\/10\/ausstellung-%e2%80%9egefuhlswelten%e2%80%9c-auf-schloss-clemenswerth\/schloss-clemenswerth-7\/\" rel=\"attachment wp-att-17258\"><img loading=\"lazy\" decoding=\"async\" class=\"alignleft size-full wp-image-17258\" src=\"https:\/\/www.forum-soegel.de\/information\/wp-content\/uploads\/2015\/09\/Schloss-Clemenswerth.jpg\" alt=\"\" width=\"201\" height=\"130\" \/><\/a>Nur noch wenige Tage bis zum \u201eAdvent auf Schloss Clemenswerth\u201c am Samstag und Sonntag, den 08. und 09. Dezember. Auch in diesem Jahr pr\u00e4sentieren wieder \u00fcber 100 Aussteller, darunter knapp 20 aus der Samtgemeinde S\u00f6gel, ihre individuellen und zum gr\u00f6\u00dften Teil handgefertigten Produkte. Dabei kommt auch das leibliche Wohl mit Essen und Trinken nicht zu kurz. \u201eDas wir in S\u00f6gel auf Schloss Clemenswerth einen Weihnachtsmarkt haben, der weit \u00fcber die Grenzen des Landkreises bekannt ist, darauf k\u00f6nnen wir alle stolz sein. Der Advent auf Schloss Clemenswerth hat sich innerhalb von wenigen Jahren zur einer Marke entwickelt!\u201c, so Museumsdirektor Oliver Fok. Seinen ganz besonderen Charme hat der Markt am Samstag (8.12.) in den sp\u00e4ten Nachmittags- und Abendstunden, wenn die Anlage in ein Meer aus tausend weihnachtlichen Lichtern eintaucht.<\/p>\n<p><strong>\u00a0<\/strong><\/p>\n<p><strong>Abwechslungsreiches Programm<\/strong><\/p>\n<p>An beiden Markttagen gibt es Stra\u00dfenorgelmusik und das handbetriebene Kinderkarussell. Am Samstag singt zur Er\u00f6ffnung um 15 Uhr der Chor Kalinka und um 17.30 Uhr bl\u00e4st die Kolpingkapelle weihnachtliche Lieder. Am Sonntag d\u00fcrfen sich Familien auf ein Kasperle-Theater (13, 14, 15, 16 Uhr) und nat\u00fcrlich den Besuch von Nikolaus und Knecht Ruprecht (14.30 Uhr) freuen.<\/p>\n<p>Der Eintritt kostet 3 \u20ac \/ Erw. und 1 \u20ac \/ erm\u00e4\u00dfigt. Saisonkarten-Besitzer haben kostenfreien Zutritt. Wie in den vergangenen Jahren gilt f\u00fcr den gesamten Ort eine ge\u00e4nderte Verkehrsf\u00fchrung. S\u00f6gelern wird empfohlen, den Markt zu Fu\u00df zu besuchen. Am Sonntag (9.12.) besteht zudem wieder die M\u00f6glichkeit, mit dem Pingel Anton anzureisen. Alle Infos zu Ausstellern, Programm und Anfahrt unter: www.clemenswerth.de.<\/p>\n<p>&nbsp;<\/p>\n<p><strong>Geschenk-Tipp f\u00fcr Weihnachten: Saisonkarte f\u00fcr 15 \u20ac!<\/strong><\/p>\n<p>Besitzer einer Saisonkarte haben \u00fcber die gesamte Museumssaison f\u00fcr nur 15 \u20ac Zutritt in das Schloss mit seinen Ausstellungen, in den Klostergarten sowie zum Fest der Sinne (15.\/16.06.2019), zum Kunstmarkt ParkArt (10.\/11.08.2019) und zum Advent auf Schloss Clemenswerth (07.\/08.12.2019). Erh\u00e4ltlich sind die Saisonkarten in der Museumsverwaltung (Tel. 05952 \/ 93 23 25) und in der Tourist-Information (Tel. 05952 \/ 206 400).<\/p>\n<p>&nbsp;<\/p>\n<p>&nbsp;<\/p>\n<p><strong>Programm<\/strong><\/p>\n<p><strong>\u00a0<\/strong><\/p>\n<p><strong>Samstag, 08. Dezember (Markt 13 &#8211; 22 Uhr)<\/strong><\/p>\n<p>15 Uhr\u00a0\u00a0\u00a0\u00a0\u00a0\u00a0\u00a0\u00a0\u00a0\u00a0\u00a0\u00a0\u00a0\u00a0\u00a0\u00a0\u00a0\u00a0\u00a0\u00a0\u00a0\u00a0\u00a0\u00a0\u00a0 Offizielle Begr\u00fc\u00dfung durch u.a. MdB Gitta Connemann, B\u00fcrgermeisterin Irmgard Welling und Museumsdirektor Oliver Fok; es singt der Chor Kalinka \/ S\u00f6gel<\/p>\n<p>17.30 Uhr\u00a0\u00a0\u00a0\u00a0\u00a0\u00a0\u00a0\u00a0\u00a0\u00a0\u00a0\u00a0\u00a0\u00a0\u00a0\u00a0\u00a0\u00a0\u00a0\u00a0 Vorweihnachtliches Blaskonzert mit der Kolpingkapelle S\u00f6gel e.V.<\/p>\n<p>&nbsp;<\/p>\n<p><strong>Sonntag, 09. Dezember (Markt 11 &#8211; 19 Uhr)<\/strong><\/p>\n<p>13 \/ 14 \/ 15 \/ 16 Uhr\u00a0\u00a0\u00a0\u00a0\u00a0 Mobiles Kasperletheater \/ Osnabr\u00fcck<\/p>\n<p>14.30 Uhr\u00a0\u00a0\u00a0\u00a0\u00a0\u00a0\u00a0\u00a0\u00a0\u00a0\u00a0\u00a0\u00a0\u00a0\u00a0\u00a0\u00a0\u00a0\u00a0\u00a0 Besuch von Nikolaus und Knecht Ruprecht<\/p>\n<p>&nbsp;<\/p>\n<p><strong>An beiden Tagen<\/strong><\/p>\n<p>Kinderkarussell, Stra\u00dfenorgelmusik,<\/p>\n<p>&nbsp;<\/p>\n<p>Text: Ramona Krons \/ Foto: Manfred Bergmann<\/p>\n","protected":false},"excerpt":{"rendered":"Nur noch wenige Tage bis zum \u201eAdvent auf Schloss Clemenswerth\u201c am Samstag und Sonntag, den 08. und 09. Dezember. Auch in diesem Jahr pr\u00e4sentieren wieder \u00fcber 100 Aussteller, darunter knapp 20 aus der Samtgemeinde S\u00f6gel, ihre individuellen und zum gr\u00f6\u00dften Teil handgefertigten Produkte. Dabei kommt auch das leibliche Wohl mit Essen und Trinken nicht zu [&hellip;]\n","protected":false},"author":2,"featured_media":0,"comment_status":"closed","ping_status":"closed","sticky":false,"template":"","format":"standard","meta":{"ngg_post_thumbnail":0,"footnotes":""},"categories":[3],"tags":[],"class_list":["post-25691","post","type-post","status-publish","format-standard","hentry","category-aktuelles-aus-der-region"],"_links":{"self":[{"href":"https:\/\/www.forum-soegel.de\/information\/wp-json\/wp\/v2\/posts\/25691","targetHints":{"allow":["GET"]}}],"collection":[{"href":"https:\/\/www.forum-soegel.de\/information\/wp-json\/wp\/v2\/posts"}],"about":[{"href":"https:\/\/www.forum-soegel.de\/information\/wp-json\/wp\/v2\/types\/post"}],"author":[{"embeddable":true,"href":"https:\/\/www.forum-soegel.de\/information\/wp-json\/wp\/v2\/users\/2"}],"replies":[{"embeddable":true,"href":"https:\/\/www.forum-soegel.de\/information\/wp-json\/wp\/v2\/comments?post=25691"}],"version-history":[{"count":1,"href":"https:\/\/www.forum-soegel.de\/information\/wp-json\/wp\/v2\/posts\/25691\/revisions"}],"predecessor-version":[{"id":25692,"href":"https:\/\/www.forum-soegel.de\/information\/wp-json\/wp\/v2\/posts\/25691\/revisions\/25692"}],"wp:attachment":[{"href":"https:\/\/www.forum-soegel.de\/information\/wp-json\/wp\/v2\/media?parent=25691"}],"wp:term":[{"taxonomy":"category","embeddable":true,"href":"https:\/\/www.forum-soegel.de\/information\/wp-json\/wp\/v2\/categories?post=25691"},{"taxonomy":"post_tag","embeddable":true,"href":"https:\/\/www.forum-soegel.de\/information\/wp-json\/wp\/v2\/tags?post=25691"}],"curies":[{"name":"wp","href":"https:\/\/api.w.org\/{rel}","templated":true}]}}