{"id":25677,"date":"2018-12-24T16:27:29","date_gmt":"2018-12-24T15:27:29","guid":{"rendered":"https:\/\/www.forum-soegel.de\/information\/?p=25677"},"modified":"2018-12-24T16:27:29","modified_gmt":"2018-12-24T15:27:29","slug":"schuelerinnen-und-schueler-des-profilfaches-gesundheit-und-soziales-spenden-fuer-uganda-hilfe","status":"publish","type":"post","link":"https:\/\/www.forum-soegel.de\/information\/2018\/12\/schuelerinnen-und-schueler-des-profilfaches-gesundheit-und-soziales-spenden-fuer-uganda-hilfe\/","title":{"rendered":"Sch\u00fclerinnen und Sch\u00fcler des Profilfaches Gesundheit und Soziales spenden f\u00fcr Uganda-Hilfe"},"content":{"rendered":"<p>S\u00f6gel &#8211; Sch\u00fclerinnen und Sch\u00fcler des Profilfaches Gesundheit und Soziales der Klasse 9 der Oberschule S\u00f6gel haben im Rahmen der Ausbildungsb\u00f6rse \u00a0\u00a0\u201eChance Azubi\u201c\u00a0 Kaffee, Brezel und die von Sch\u00fclern des\u00a0 Profilfaches\u00a0 Wirtschaft\u00a0 bereit gestellten Getr\u00e4nke zum Verkauf \u00a0angeboten. Den dabei\u00a0 erwirtschafteten\u00a0 Erl\u00f6s \u00a0in H\u00f6he von 150,00 \u20ac\u00a0 lie\u00dfen sie den Gr\u00fcndern des Projektes \u201eBeLu-Ugandahilfe e.V.\u201c, Bernd Rickermann und Ludwig Wilkens, \u00a0\u00a0\u00a0zukommen.\u00a0 \u201eDieser Verein unterst\u00fctzt seit 2010 Kinder mit und ohne Behinderungen in Uganda mittels Brunnen-, Schul-. und Kinderheimbau mit Krankenstation. \u00a0Seit \u00a02015 ist das Projekt\u00a0 \u00b4Uganda-Hilfe\u00b4 an der Schule am Schloss\u00a0 etabliert und plant in jedem Jahr mindestens eine Hilfsaktion f\u00fcr den Verein\u201c, sagte Profilfachleiterin \u00a0Mechthild Ahaus-Borchers.<\/p>\n<p>Text\/Foto: Gisela Arling<\/p>\n<p><a href=\"https:\/\/www.forum-soegel.de\/information\/2018\/12\/schuelerinnen-und-schueler-des-profilfaches-gesundheit-und-soziales-spenden-fuer-uganda-hilfe\/schuelerinnen-und-schueler-des-profilfaches-gesundheit-und-soziales-spenden-fuer-uganda-hilfe\/\" rel=\"attachment wp-att-25678\"><img loading=\"lazy\" decoding=\"async\" class=\"alignnone size-medium wp-image-25678\" src=\"https:\/\/www.forum-soegel.de\/information\/wp-content\/uploads\/2018\/12\/Sch\u00fclerinnen-und-Sch\u00fcler-des-Profilfaches-Gesundheit-und-Soziales-spenden-f\u00fcr-Uganda-Hilfe-300x222.jpg\" alt=\"\" width=\"300\" height=\"222\" srcset=\"https:\/\/www.forum-soegel.de\/information\/wp-content\/uploads\/2018\/12\/Sch\u00fclerinnen-und-Sch\u00fcler-des-Profilfaches-Gesundheit-und-Soziales-spenden-f\u00fcr-Uganda-Hilfe-300x222.jpg 300w, https:\/\/www.forum-soegel.de\/information\/wp-content\/uploads\/2018\/12\/Sch\u00fclerinnen-und-Sch\u00fcler-des-Profilfaches-Gesundheit-und-Soziales-spenden-f\u00fcr-Uganda-Hilfe-768x569.jpg 768w, https:\/\/www.forum-soegel.de\/information\/wp-content\/uploads\/2018\/12\/Sch\u00fclerinnen-und-Sch\u00fcler-des-Profilfaches-Gesundheit-und-Soziales-spenden-f\u00fcr-Uganda-Hilfe.jpg 1024w\" sizes=\"auto, (max-width: 300px) 100vw, 300px\" \/><\/a><\/p>\n","protected":false},"excerpt":{"rendered":"S\u00f6gel &#8211; Sch\u00fclerinnen und Sch\u00fcler des Profilfaches Gesundheit und Soziales der Klasse 9 der Oberschule S\u00f6gel haben im Rahmen der Ausbildungsb\u00f6rse \u00a0\u00a0\u201eChance Azubi\u201c\u00a0 Kaffee, Brezel und die von Sch\u00fclern des\u00a0 Profilfaches\u00a0 Wirtschaft\u00a0 bereit gestellten Getr\u00e4nke zum Verkauf \u00a0angeboten. Den dabei\u00a0 erwirtschafteten\u00a0 Erl\u00f6s \u00a0in H\u00f6he von 150,00 \u20ac\u00a0 lie\u00dfen sie den Gr\u00fcndern des Projektes \u201eBeLu-Ugandahilfe e.V.\u201c, [&hellip;]\n","protected":false},"author":2,"featured_media":0,"comment_status":"closed","ping_status":"closed","sticky":false,"template":"","format":"standard","meta":{"ngg_post_thumbnail":0,"footnotes":""},"categories":[6],"tags":[],"class_list":["post-25677","post","type-post","status-publish","format-standard","hentry","category-aus-der-schule-geplaudert"],"_links":{"self":[{"href":"https:\/\/www.forum-soegel.de\/information\/wp-json\/wp\/v2\/posts\/25677","targetHints":{"allow":["GET"]}}],"collection":[{"href":"https:\/\/www.forum-soegel.de\/information\/wp-json\/wp\/v2\/posts"}],"about":[{"href":"https:\/\/www.forum-soegel.de\/information\/wp-json\/wp\/v2\/types\/post"}],"author":[{"embeddable":true,"href":"https:\/\/www.forum-soegel.de\/information\/wp-json\/wp\/v2\/users\/2"}],"replies":[{"embeddable":true,"href":"https:\/\/www.forum-soegel.de\/information\/wp-json\/wp\/v2\/comments?post=25677"}],"version-history":[{"count":2,"href":"https:\/\/www.forum-soegel.de\/information\/wp-json\/wp\/v2\/posts\/25677\/revisions"}],"predecessor-version":[{"id":25680,"href":"https:\/\/www.forum-soegel.de\/information\/wp-json\/wp\/v2\/posts\/25677\/revisions\/25680"}],"wp:attachment":[{"href":"https:\/\/www.forum-soegel.de\/information\/wp-json\/wp\/v2\/media?parent=25677"}],"wp:term":[{"taxonomy":"category","embeddable":true,"href":"https:\/\/www.forum-soegel.de\/information\/wp-json\/wp\/v2\/categories?post=25677"},{"taxonomy":"post_tag","embeddable":true,"href":"https:\/\/www.forum-soegel.de\/information\/wp-json\/wp\/v2\/tags?post=25677"}],"curies":[{"name":"wp","href":"https:\/\/api.w.org\/{rel}","templated":true}]}}