{"id":25673,"date":"2018-12-24T16:26:31","date_gmt":"2018-12-24T15:26:31","guid":{"rendered":"https:\/\/www.forum-soegel.de\/information\/?p=25673"},"modified":"2018-12-24T16:26:31","modified_gmt":"2018-12-24T15:26:31","slug":"reinigungskraft-valentina-reisch-in-den-ruhestand-verabschiedet","status":"publish","type":"post","link":"https:\/\/www.forum-soegel.de\/information\/2018\/12\/reinigungskraft-valentina-reisch-in-den-ruhestand-verabschiedet\/","title":{"rendered":"Reinigungskraft Valentina Reisch in den Ruhestand verabschiedet"},"content":{"rendered":"<p><a href=\"https:\/\/www.forum-soegel.de\/information\/2018\/12\/reinigungskraft-valentina-reisch-in-den-ruhestand-verabschiedet\/reinigungskraft-valentina-reisch-in-den-ruhestand-verabschiedet\/\" rel=\"attachment wp-att-25674\"><img loading=\"lazy\" decoding=\"async\" class=\"alignleft size-medium wp-image-25674\" src=\"https:\/\/www.forum-soegel.de\/information\/wp-content\/uploads\/2018\/12\/Reinigungskraft-Valentina-Reisch-in-den-Ruhestand-verabschiedet-300x239.jpg\" alt=\"\" width=\"300\" height=\"239\" srcset=\"https:\/\/www.forum-soegel.de\/information\/wp-content\/uploads\/2018\/12\/Reinigungskraft-Valentina-Reisch-in-den-Ruhestand-verabschiedet-300x239.jpg 300w, https:\/\/www.forum-soegel.de\/information\/wp-content\/uploads\/2018\/12\/Reinigungskraft-Valentina-Reisch-in-den-Ruhestand-verabschiedet-768x612.jpg 768w, https:\/\/www.forum-soegel.de\/information\/wp-content\/uploads\/2018\/12\/Reinigungskraft-Valentina-Reisch-in-den-Ruhestand-verabschiedet.jpg 964w\" sizes=\"auto, (max-width: 300px) 100vw, 300px\" \/><\/a>S\u00f6gel &#8211; Im Rahmen einer kleinen Feierstunde in der Schule am Schloss wurde nach neunj\u00e4hriger T\u00e4tigkeit die Reinigungskraft \u00a0Valentina Reisch in den Ruhestand verabschiedet. Frau Reisch hatte\u00a0 2009 \u00a0ihre Arbeit in der damaligen Realschule S\u00f6gel begonnen und erlebte die\u00a0 Umstrukturierung der Realschule zur Haupt- und Realschule S\u00f6gel sowie zur Oberschule S\u00f6gel mit. \u00a0Erster Samtgemeinderat Hans Nowak gratulierte und bedankte sich im\u00a0 Namen der Samtgemeinde, des Samtgemeinderates, des Samtgemeindeb\u00fcrgermeisters G\u00fcnter Wigbers, der Verwaltung und \u00a0auch ganz pers\u00f6nlich bei Frau Reisch. \u201cSie haben Ihre Arbeit in all den Jahren treu und brav im Hintergrund erledigt. Die Sch\u00fclerinnen und Sch\u00fcler sowie die Lehrerschaft haben jeden Tag ein sauberes Umfeld vorgefunden und konnten somit zufrieden und mit Leidenschaft ihren Aufgaben gerecht werden. Dazu haben Sie beigetragen, und es hat nie einen Anlass zur Kritik gegeben. Ich hoffe, dass Sie Ihren neuen Lebensabschnitt\u00a0 bei \u00a0bester Gesundheit erleben k\u00f6nnen.\u201c\u00a0 Den Worten schloss sich Schulleiterin Maria Lau an und f\u00fcgte hinzu: \u201eIch habe Sie immer als ein sehr flei\u00dfiges Bienchen und als sehr gewissenhaft und zuverl\u00e4ssig erlebt. Von keiner Stelle hat es je Klagen gegeben.\u201c\u00a0 Gl\u00fcckw\u00fcnsche und Dankesworte gab es zudem von Janina Brake vom Schulpersonalrat der Oberschule S\u00f6gel, von Petra Nieters vom Fachdienst 2 und Ingrid Cloppenburg vom Personalrat der Samtgemeinde S\u00f6gel sowie vom Hausmeister der Schule am Schloss, Eduard Engel.<\/p>\n<p>Text\/Foto: Gisela Arling<\/p>\n","protected":false},"excerpt":{"rendered":"S\u00f6gel &#8211; Im Rahmen einer kleinen Feierstunde in der Schule am Schloss wurde nach neunj\u00e4hriger T\u00e4tigkeit die Reinigungskraft \u00a0Valentina Reisch in den Ruhestand verabschiedet. Frau Reisch hatte\u00a0 2009 \u00a0ihre Arbeit in der damaligen Realschule S\u00f6gel begonnen und erlebte die\u00a0 Umstrukturierung der Realschule zur Haupt- und Realschule S\u00f6gel sowie zur Oberschule S\u00f6gel mit. \u00a0Erster Samtgemeinderat Hans [&hellip;]\n","protected":false},"author":2,"featured_media":0,"comment_status":"closed","ping_status":"closed","sticky":false,"template":"","format":"standard","meta":{"ngg_post_thumbnail":0,"footnotes":""},"categories":[6],"tags":[],"class_list":["post-25673","post","type-post","status-publish","format-standard","hentry","category-aus-der-schule-geplaudert"],"_links":{"self":[{"href":"https:\/\/www.forum-soegel.de\/information\/wp-json\/wp\/v2\/posts\/25673","targetHints":{"allow":["GET"]}}],"collection":[{"href":"https:\/\/www.forum-soegel.de\/information\/wp-json\/wp\/v2\/posts"}],"about":[{"href":"https:\/\/www.forum-soegel.de\/information\/wp-json\/wp\/v2\/types\/post"}],"author":[{"embeddable":true,"href":"https:\/\/www.forum-soegel.de\/information\/wp-json\/wp\/v2\/users\/2"}],"replies":[{"embeddable":true,"href":"https:\/\/www.forum-soegel.de\/information\/wp-json\/wp\/v2\/comments?post=25673"}],"version-history":[{"count":2,"href":"https:\/\/www.forum-soegel.de\/information\/wp-json\/wp\/v2\/posts\/25673\/revisions"}],"predecessor-version":[{"id":25676,"href":"https:\/\/www.forum-soegel.de\/information\/wp-json\/wp\/v2\/posts\/25673\/revisions\/25676"}],"wp:attachment":[{"href":"https:\/\/www.forum-soegel.de\/information\/wp-json\/wp\/v2\/media?parent=25673"}],"wp:term":[{"taxonomy":"category","embeddable":true,"href":"https:\/\/www.forum-soegel.de\/information\/wp-json\/wp\/v2\/categories?post=25673"},{"taxonomy":"post_tag","embeddable":true,"href":"https:\/\/www.forum-soegel.de\/information\/wp-json\/wp\/v2\/tags?post=25673"}],"curies":[{"name":"wp","href":"https:\/\/api.w.org\/{rel}","templated":true}]}}